{"id":1041,"date":"2020-12-07T15:32:00","date_gmt":"2020-12-07T14:32:00","guid":{"rendered":"http:\/\/sentiernaturemontmelas.fr\/?p=1041"},"modified":"2020-12-18T17:25:37","modified_gmt":"2020-12-18T16:25:37","slug":"le-transport-des-nids","status":"publish","type":"post","link":"https:\/\/sentiernaturemontmelas.fr\/index.php\/2020\/12\/07\/le-transport-des-nids\/","title":{"rendered":"LE TRANSPORT DES NIDS"},"content":{"rendered":"\n<p>Samedi 2 d\u00e9cembre, plusieurs adultes et quelques \u00e9l\u00e8ves de la classe nous ont aid\u00e9s \u00e0 transporter cinq nids sur le sentier nature. Avec le tracteur et la remorque du papa de C\u00e9lian, nous avons mis les nids pr\u00e8s de l&rsquo;observatoire en hauteur. <\/p>\n\n\n\n<p>Il y avais cinq groupes : le 1er groupe est rest\u00e9 \u00e0 l&rsquo;\u00e9cole pour mettre les nids sur la remorque, le 2\u00e8me creusait pour faire des plats pour les nids (le terrain est en pente),  le 3\u00e8me faisait des mosa\u00efques avec des tuiles pour faire plus joli,  <strong>un autre groupe  enlevait les panneaux du parcours animaux et oiseaux<\/strong> et le dernier groupe a repeint quelques panneaux de g\u00e9ographie.<\/p>\n\n\n\n<p>\u00a0\u00bb C&rsquo;\u00e9tait tr\u00e8s bien, on a pr\u00e9par\u00e9 le sentier pour l&rsquo;hiver !\u00a0\u00bb Toineau<\/p>\n\n\n\n<p>\u00a0\u00bb C&rsquo;\u00e9tait dr\u00f4le, on a tr\u00e8s bien install\u00e9 les nids et je suis fier de notre travail !\u00a0\u00bb Cl\u00e9ment<\/p>\n\n\n\n<p>Toineau et Cl\u00e9ment  \ud83d\udc7d\ud83d\udc7d<\/p>\n","protected":false},"excerpt":{"rendered":"<p>Samedi 2 d\u00e9cembre, plusieurs adultes et quelques \u00e9l\u00e8ves de la classe nous ont aid\u00e9s \u00e0 transporter cinq nids sur le sentier nature. Avec le tracteur et la remorque du papa de C\u00e9lian, nous avons mis les nids pr\u00e8s de l&rsquo;observatoire en hauteur. Il y avais cinq groupes : le 1er groupe est rest\u00e9 \u00e0 l&rsquo;\u00e9cole &hellip; <\/p>\n<p class=\"link-more\"><a href=\"https:\/\/sentiernaturemontmelas.fr\/index.php\/2020\/12\/07\/le-transport-des-nids\/\" class=\"more-link\">Continuer la lecture<span class=\"screen-reader-text\"> de &laquo;&nbsp;LE TRANSPORT DES NIDS&nbsp;&raquo;<\/span><\/a><\/p>\n","protected":false},"author":3,"featured_media":0,"comment_status":"open","ping_status":"open","sticky":false,"template":"","format":"standard","meta":{"footnotes":""},"categories":[1],"tags":[],"_links":{"self":[{"href":"https:\/\/sentiernaturemontmelas.fr\/index.php\/wp-json\/wp\/v2\/posts\/1041"}],"collection":[{"href":"https:\/\/sentiernaturemontmelas.fr\/index.php\/wp-json\/wp\/v2\/posts"}],"about":[{"href":"https:\/\/sentiernaturemontmelas.fr\/index.php\/wp-json\/wp\/v2\/types\/post"}],"author":[{"embeddable":true,"href":"https:\/\/sentiernaturemontmelas.fr\/index.php\/wp-json\/wp\/v2\/users\/3"}],"replies":[{"embeddable":true,"href":"https:\/\/sentiernaturemontmelas.fr\/index.php\/wp-json\/wp\/v2\/comments?post=1041"}],"version-history":[{"count":8,"href":"https:\/\/sentiernaturemontmelas.fr\/index.php\/wp-json\/wp\/v2\/posts\/1041\/revisions"}],"predecessor-version":[{"id":1077,"href":"https:\/\/sentiernaturemontmelas.fr\/index.php\/wp-json\/wp\/v2\/posts\/1041\/revisions\/1077"}],"wp:attachment":[{"href":"https:\/\/sentiernaturemontmelas.fr\/index.php\/wp-json\/wp\/v2\/media?parent=1041"}],"wp:term":[{"taxonomy":"category","embeddable":true,"href":"https:\/\/sentiernaturemontmelas.fr\/index.php\/wp-json\/wp\/v2\/categories?post=1041"},{"taxonomy":"post_tag","embeddable":true,"href":"https:\/\/sentiernaturemontmelas.fr\/index.php\/wp-json\/wp\/v2\/tags?post=1041"}],"curies":[{"name":"wp","href":"https:\/\/api.w.org\/{rel}","templated":true}]}}