{"id":1048,"date":"2020-12-18T15:26:02","date_gmt":"2020-12-18T14:26:02","guid":{"rendered":"http:\/\/sentiernaturemontmelas.fr\/?p=1048"},"modified":"2020-12-18T17:52:14","modified_gmt":"2020-12-18T16:52:14","slug":"la-cascade-dans-le-ruisseau","status":"publish","type":"post","link":"https:\/\/sentiernaturemontmelas.fr\/index.php\/2020\/12\/18\/la-cascade-dans-le-ruisseau\/","title":{"rendered":"La cascade dans le ruisseau"},"content":{"rendered":"\n<p>Mercredi 16 d\u00e9cembre, nous sommes all\u00e9s sur le sentier pour am\u00e9nager les nids. Il y avait beaucoup de brouillard et il faisait froid mais heureusement, on \u00e9tait bien habill\u00e9s.<\/p>\n\n\n\n<figure class=\"wp-block-image size-large\"><img loading=\"lazy\" decoding=\"async\" width=\"768\" height=\"1024\" src=\"http:\/\/sentiernaturemontmelas.fr\/wp-content\/uploads\/2020\/12\/IMG_20201216_094552-768x1024.jpg\" alt=\"\" class=\"wp-image-1078\" srcset=\"https:\/\/sentiernaturemontmelas.fr\/wp-content\/uploads\/2020\/12\/IMG_20201216_094552-768x1024.jpg 768w, https:\/\/sentiernaturemontmelas.fr\/wp-content\/uploads\/2020\/12\/IMG_20201216_094552-225x300.jpg 225w, https:\/\/sentiernaturemontmelas.fr\/wp-content\/uploads\/2020\/12\/IMG_20201216_094552-1152x1536.jpg 1152w, https:\/\/sentiernaturemontmelas.fr\/wp-content\/uploads\/2020\/12\/IMG_20201216_094552-1536x2048.jpg 1536w, https:\/\/sentiernaturemontmelas.fr\/wp-content\/uploads\/2020\/12\/IMG_20201216_094552-scaled.jpg 1920w\" sizes=\"(max-width: 706px) 89vw, (max-width: 767px) 82vw, 740px\" \/><\/figure>\n\n\n\n<figure class=\"wp-block-image size-large\"><img loading=\"lazy\" decoding=\"async\" width=\"768\" height=\"1024\" src=\"http:\/\/sentiernaturemontmelas.fr\/wp-content\/uploads\/2020\/12\/IMG_20201216_094604-768x1024.jpg\" alt=\"\" class=\"wp-image-1079\" srcset=\"https:\/\/sentiernaturemontmelas.fr\/wp-content\/uploads\/2020\/12\/IMG_20201216_094604-768x1024.jpg 768w, https:\/\/sentiernaturemontmelas.fr\/wp-content\/uploads\/2020\/12\/IMG_20201216_094604-225x300.jpg 225w, https:\/\/sentiernaturemontmelas.fr\/wp-content\/uploads\/2020\/12\/IMG_20201216_094604-1152x1536.jpg 1152w, https:\/\/sentiernaturemontmelas.fr\/wp-content\/uploads\/2020\/12\/IMG_20201216_094604-1536x2048.jpg 1536w, https:\/\/sentiernaturemontmelas.fr\/wp-content\/uploads\/2020\/12\/IMG_20201216_094604-scaled.jpg 1920w\" sizes=\"(max-width: 706px) 89vw, (max-width: 767px) 82vw, 740px\" \/><figcaption>dav<\/figcaption><\/figure>\n\n\n\n<ul><li><\/li><\/ul>\n\n\n\n<p>On a fait trois groupes :  les m\u00e9sanges bleues, les aigles royaux et les paons.<\/p>\n\n\n\n<p>Les m\u00e9sanges bleues ont commenc\u00e9 sur les nids. En attendant, les aigles royaux et les paons faisaient le jeu des questions en \u00e9toile. Il y avait quatre domaines : les arbres, les plantes, les insectes et les tables d&rsquo;orientation.<\/p>\n\n\n\n<figure class=\"wp-block-gallery columns-3 is-cropped wp-block-gallery-1 is-layout-flex wp-block-gallery-is-layout-flex\"><ul class=\"blocks-gallery-grid\"><li class=\"blocks-gallery-item\"><figure><img loading=\"lazy\" decoding=\"async\" width=\"768\" height=\"1024\" src=\"http:\/\/sentiernaturemontmelas.fr\/wp-content\/uploads\/2020\/12\/IMG_20201216_094805-1-768x1024.jpg\" alt=\"\" data-id=\"1080\" data-full-url=\"http:\/\/sentiernaturemontmelas.fr\/wp-content\/uploads\/2020\/12\/IMG_20201216_094805-1-scaled.jpg\" data-link=\"http:\/\/sentiernaturemontmelas.fr\/index.php\/2020\/12\/18\/la-cascade-dans-le-ruisseau\/dav-4\/\" class=\"wp-image-1080\" srcset=\"https:\/\/sentiernaturemontmelas.fr\/wp-content\/uploads\/2020\/12\/IMG_20201216_094805-1-768x1024.jpg 768w, https:\/\/sentiernaturemontmelas.fr\/wp-content\/uploads\/2020\/12\/IMG_20201216_094805-1-225x300.jpg 225w, https:\/\/sentiernaturemontmelas.fr\/wp-content\/uploads\/2020\/12\/IMG_20201216_094805-1-1152x1536.jpg 1152w, https:\/\/sentiernaturemontmelas.fr\/wp-content\/uploads\/2020\/12\/IMG_20201216_094805-1-1536x2048.jpg 1536w, https:\/\/sentiernaturemontmelas.fr\/wp-content\/uploads\/2020\/12\/IMG_20201216_094805-1-scaled.jpg 1920w\" sizes=\"(max-width: 706px) 89vw, (max-width: 767px) 82vw, 740px\" \/><\/figure><\/li><li class=\"blocks-gallery-item\"><figure><img loading=\"lazy\" decoding=\"async\" width=\"768\" height=\"1024\" src=\"http:\/\/sentiernaturemontmelas.fr\/wp-content\/uploads\/2020\/12\/IMG_20201216_095751-768x1024.jpg\" alt=\"\" data-id=\"1081\" data-full-url=\"http:\/\/sentiernaturemontmelas.fr\/wp-content\/uploads\/2020\/12\/IMG_20201216_095751-scaled.jpg\" data-link=\"http:\/\/sentiernaturemontmelas.fr\/index.php\/2020\/12\/18\/la-cascade-dans-le-ruisseau\/sdr\/\" class=\"wp-image-1081\" srcset=\"https:\/\/sentiernaturemontmelas.fr\/wp-content\/uploads\/2020\/12\/IMG_20201216_095751-768x1024.jpg 768w, https:\/\/sentiernaturemontmelas.fr\/wp-content\/uploads\/2020\/12\/IMG_20201216_095751-225x300.jpg 225w, https:\/\/sentiernaturemontmelas.fr\/wp-content\/uploads\/2020\/12\/IMG_20201216_095751-1152x1536.jpg 1152w, https:\/\/sentiernaturemontmelas.fr\/wp-content\/uploads\/2020\/12\/IMG_20201216_095751-1536x2048.jpg 1536w, https:\/\/sentiernaturemontmelas.fr\/wp-content\/uploads\/2020\/12\/IMG_20201216_095751-scaled.jpg 1920w\" sizes=\"(max-width: 706px) 89vw, (max-width: 767px) 82vw, 740px\" \/><\/figure><\/li><li class=\"blocks-gallery-item\"><figure><img loading=\"lazy\" decoding=\"async\" width=\"768\" height=\"1024\" src=\"http:\/\/sentiernaturemontmelas.fr\/wp-content\/uploads\/2020\/12\/IMG_20201216_100056-768x1024.jpg\" alt=\"\" data-id=\"1082\" data-full-url=\"http:\/\/sentiernaturemontmelas.fr\/wp-content\/uploads\/2020\/12\/IMG_20201216_100056-scaled.jpg\" data-link=\"http:\/\/sentiernaturemontmelas.fr\/index.php\/2020\/12\/18\/la-cascade-dans-le-ruisseau\/dav-5\/\" class=\"wp-image-1082\" srcset=\"https:\/\/sentiernaturemontmelas.fr\/wp-content\/uploads\/2020\/12\/IMG_20201216_100056-768x1024.jpg 768w, https:\/\/sentiernaturemontmelas.fr\/wp-content\/uploads\/2020\/12\/IMG_20201216_100056-225x300.jpg 225w, https:\/\/sentiernaturemontmelas.fr\/wp-content\/uploads\/2020\/12\/IMG_20201216_100056-1152x1536.jpg 1152w, https:\/\/sentiernaturemontmelas.fr\/wp-content\/uploads\/2020\/12\/IMG_20201216_100056-1536x2048.jpg 1536w, https:\/\/sentiernaturemontmelas.fr\/wp-content\/uploads\/2020\/12\/IMG_20201216_100056-scaled.jpg 1920w\" sizes=\"(max-width: 706px) 89vw, (max-width: 767px) 82vw, 740px\" \/><\/figure><\/li><li class=\"blocks-gallery-item\"><figure><img loading=\"lazy\" decoding=\"async\" width=\"768\" height=\"1024\" src=\"http:\/\/sentiernaturemontmelas.fr\/wp-content\/uploads\/2020\/12\/IMG_20201216_100108-768x1024.jpg\" alt=\"\" data-id=\"1083\" data-full-url=\"http:\/\/sentiernaturemontmelas.fr\/wp-content\/uploads\/2020\/12\/IMG_20201216_100108-scaled.jpg\" data-link=\"http:\/\/sentiernaturemontmelas.fr\/index.php\/2020\/12\/18\/la-cascade-dans-le-ruisseau\/dav-6\/\" class=\"wp-image-1083\" srcset=\"https:\/\/sentiernaturemontmelas.fr\/wp-content\/uploads\/2020\/12\/IMG_20201216_100108-768x1024.jpg 768w, https:\/\/sentiernaturemontmelas.fr\/wp-content\/uploads\/2020\/12\/IMG_20201216_100108-225x300.jpg 225w, https:\/\/sentiernaturemontmelas.fr\/wp-content\/uploads\/2020\/12\/IMG_20201216_100108-1152x1536.jpg 1152w, https:\/\/sentiernaturemontmelas.fr\/wp-content\/uploads\/2020\/12\/IMG_20201216_100108-1536x2048.jpg 1536w, https:\/\/sentiernaturemontmelas.fr\/wp-content\/uploads\/2020\/12\/IMG_20201216_100108-scaled.jpg 1920w\" sizes=\"(max-width: 706px) 89vw, (max-width: 767px) 82vw, 740px\" \/><\/figure><\/li><li class=\"blocks-gallery-item\"><figure><img loading=\"lazy\" decoding=\"async\" width=\"768\" height=\"1024\" src=\"http:\/\/sentiernaturemontmelas.fr\/wp-content\/uploads\/2020\/12\/IMG_20201216_100536-768x1024.jpg\" alt=\"\" data-id=\"1084\" data-full-url=\"http:\/\/sentiernaturemontmelas.fr\/wp-content\/uploads\/2020\/12\/IMG_20201216_100536-scaled.jpg\" data-link=\"http:\/\/sentiernaturemontmelas.fr\/index.php\/2020\/12\/18\/la-cascade-dans-le-ruisseau\/dav-7\/\" class=\"wp-image-1084\" srcset=\"https:\/\/sentiernaturemontmelas.fr\/wp-content\/uploads\/2020\/12\/IMG_20201216_100536-768x1024.jpg 768w, https:\/\/sentiernaturemontmelas.fr\/wp-content\/uploads\/2020\/12\/IMG_20201216_100536-225x300.jpg 225w, https:\/\/sentiernaturemontmelas.fr\/wp-content\/uploads\/2020\/12\/IMG_20201216_100536-1152x1536.jpg 1152w, https:\/\/sentiernaturemontmelas.fr\/wp-content\/uploads\/2020\/12\/IMG_20201216_100536-1536x2048.jpg 1536w, https:\/\/sentiernaturemontmelas.fr\/wp-content\/uploads\/2020\/12\/IMG_20201216_100536-scaled.jpg 1920w\" sizes=\"(max-width: 706px) 89vw, (max-width: 767px) 82vw, 740px\" \/><\/figure><\/li><li class=\"blocks-gallery-item\"><figure><img loading=\"lazy\" decoding=\"async\" width=\"768\" height=\"1024\" src=\"http:\/\/sentiernaturemontmelas.fr\/wp-content\/uploads\/2020\/12\/IMG_20201216_101808-768x1024.jpg\" alt=\"\" data-id=\"1085\" data-full-url=\"http:\/\/sentiernaturemontmelas.fr\/wp-content\/uploads\/2020\/12\/IMG_20201216_101808-scaled.jpg\" data-link=\"http:\/\/sentiernaturemontmelas.fr\/index.php\/2020\/12\/18\/la-cascade-dans-le-ruisseau\/sdr-2\/\" class=\"wp-image-1085\" srcset=\"https:\/\/sentiernaturemontmelas.fr\/wp-content\/uploads\/2020\/12\/IMG_20201216_101808-768x1024.jpg 768w, https:\/\/sentiernaturemontmelas.fr\/wp-content\/uploads\/2020\/12\/IMG_20201216_101808-225x300.jpg 225w, https:\/\/sentiernaturemontmelas.fr\/wp-content\/uploads\/2020\/12\/IMG_20201216_101808-1152x1536.jpg 1152w, https:\/\/sentiernaturemontmelas.fr\/wp-content\/uploads\/2020\/12\/IMG_20201216_101808-1536x2048.jpg 1536w, https:\/\/sentiernaturemontmelas.fr\/wp-content\/uploads\/2020\/12\/IMG_20201216_101808-scaled.jpg 1920w\" sizes=\"(max-width: 706px) 89vw, (max-width: 767px) 82vw, 740px\" \/><\/figure><\/li><li class=\"blocks-gallery-item\"><figure><img loading=\"lazy\" decoding=\"async\" width=\"1024\" height=\"768\" src=\"http:\/\/sentiernaturemontmelas.fr\/wp-content\/uploads\/2020\/12\/IMG_20201216_101852-1024x768.jpg\" alt=\"\" data-id=\"1086\" data-full-url=\"http:\/\/sentiernaturemontmelas.fr\/wp-content\/uploads\/2020\/12\/IMG_20201216_101852-scaled.jpg\" data-link=\"http:\/\/sentiernaturemontmelas.fr\/index.php\/2020\/12\/18\/la-cascade-dans-le-ruisseau\/sdr-3\/\" class=\"wp-image-1086\" srcset=\"https:\/\/sentiernaturemontmelas.fr\/wp-content\/uploads\/2020\/12\/IMG_20201216_101852-1024x768.jpg 1024w, https:\/\/sentiernaturemontmelas.fr\/wp-content\/uploads\/2020\/12\/IMG_20201216_101852-300x225.jpg 300w, https:\/\/sentiernaturemontmelas.fr\/wp-content\/uploads\/2020\/12\/IMG_20201216_101852-768x576.jpg 768w, https:\/\/sentiernaturemontmelas.fr\/wp-content\/uploads\/2020\/12\/IMG_20201216_101852-1536x1152.jpg 1536w, https:\/\/sentiernaturemontmelas.fr\/wp-content\/uploads\/2020\/12\/IMG_20201216_101852-2048x1536.jpg 2048w\" sizes=\"(max-width: 706px) 89vw, (max-width: 767px) 82vw, 740px\" \/><\/figure><\/li><li class=\"blocks-gallery-item\"><figure><img loading=\"lazy\" decoding=\"async\" width=\"1024\" height=\"768\" src=\"http:\/\/sentiernaturemontmelas.fr\/wp-content\/uploads\/2020\/12\/IMG_20201216_102435-1024x768.jpg\" alt=\"\" data-id=\"1087\" data-full-url=\"http:\/\/sentiernaturemontmelas.fr\/wp-content\/uploads\/2020\/12\/IMG_20201216_102435-scaled.jpg\" data-link=\"http:\/\/sentiernaturemontmelas.fr\/index.php\/2020\/12\/18\/la-cascade-dans-le-ruisseau\/sdr-4\/\" class=\"wp-image-1087\" srcset=\"https:\/\/sentiernaturemontmelas.fr\/wp-content\/uploads\/2020\/12\/IMG_20201216_102435-1024x768.jpg 1024w, https:\/\/sentiernaturemontmelas.fr\/wp-content\/uploads\/2020\/12\/IMG_20201216_102435-300x225.jpg 300w, https:\/\/sentiernaturemontmelas.fr\/wp-content\/uploads\/2020\/12\/IMG_20201216_102435-768x576.jpg 768w, https:\/\/sentiernaturemontmelas.fr\/wp-content\/uploads\/2020\/12\/IMG_20201216_102435-1536x1152.jpg 1536w, https:\/\/sentiernaturemontmelas.fr\/wp-content\/uploads\/2020\/12\/IMG_20201216_102435-2048x1536.jpg 2048w\" sizes=\"(max-width: 706px) 89vw, (max-width: 767px) 82vw, 740px\" \/><\/figure><\/li><li class=\"blocks-gallery-item\"><figure><img loading=\"lazy\" decoding=\"async\" width=\"1024\" height=\"768\" src=\"http:\/\/sentiernaturemontmelas.fr\/wp-content\/uploads\/2020\/12\/IMG_20201216_102437-1024x768.jpg\" alt=\"\" data-id=\"1088\" data-full-url=\"http:\/\/sentiernaturemontmelas.fr\/wp-content\/uploads\/2020\/12\/IMG_20201216_102437-scaled.jpg\" data-link=\"http:\/\/sentiernaturemontmelas.fr\/index.php\/2020\/12\/18\/la-cascade-dans-le-ruisseau\/dav-8\/\" class=\"wp-image-1088\" srcset=\"https:\/\/sentiernaturemontmelas.fr\/wp-content\/uploads\/2020\/12\/IMG_20201216_102437-1024x768.jpg 1024w, https:\/\/sentiernaturemontmelas.fr\/wp-content\/uploads\/2020\/12\/IMG_20201216_102437-300x225.jpg 300w, https:\/\/sentiernaturemontmelas.fr\/wp-content\/uploads\/2020\/12\/IMG_20201216_102437-768x576.jpg 768w, https:\/\/sentiernaturemontmelas.fr\/wp-content\/uploads\/2020\/12\/IMG_20201216_102437-1536x1152.jpg 1536w, https:\/\/sentiernaturemontmelas.fr\/wp-content\/uploads\/2020\/12\/IMG_20201216_102437-2048x1536.jpg 2048w\" sizes=\"(max-width: 706px) 89vw, (max-width: 767px) 82vw, 740px\" \/><\/figure><\/li><\/ul><\/figure>\n\n\n\n<p><\/p>\n\n\n\n<p>Nous avons observ\u00e9 le petit ruisseau. Nous avons pass\u00e9 beaucoup de temps sur le ruisseau car on a remarqu\u00e9 qu&rsquo;il y avait des petites cascades. L&rsquo;eau frappait sur un caillou, elle \u00e9claboussait et faisait un jet d&rsquo;eau.<\/p>\n\n\n\n<p>Pour traverser, ce n&rsquo;\u00e9tait pas facile&#8230;<\/p>\n\n\n\n<p>La mare a d\u00e9bord\u00e9 un peu sur le chemin. Il a beaucoup plu ces derniers temps.<\/p>\n\n\n\n<figure class=\"wp-block-image size-large\"><img loading=\"lazy\" decoding=\"async\" width=\"1024\" height=\"768\" src=\"http:\/\/sentiernaturemontmelas.fr\/wp-content\/uploads\/2020\/12\/Sentier-Nids-sur-place-7-1024x768.jpg\" alt=\"\" class=\"wp-image-1091\" srcset=\"https:\/\/sentiernaturemontmelas.fr\/wp-content\/uploads\/2020\/12\/Sentier-Nids-sur-place-7-1024x768.jpg 1024w, https:\/\/sentiernaturemontmelas.fr\/wp-content\/uploads\/2020\/12\/Sentier-Nids-sur-place-7-300x225.jpg 300w, https:\/\/sentiernaturemontmelas.fr\/wp-content\/uploads\/2020\/12\/Sentier-Nids-sur-place-7-768x576.jpg 768w, https:\/\/sentiernaturemontmelas.fr\/wp-content\/uploads\/2020\/12\/Sentier-Nids-sur-place-7-1536x1152.jpg 1536w, https:\/\/sentiernaturemontmelas.fr\/wp-content\/uploads\/2020\/12\/Sentier-Nids-sur-place-7-2048x1536.jpg 2048w\" sizes=\"(max-width: 706px) 89vw, (max-width: 767px) 82vw, 740px\" \/><\/figure>\n\n\n\n<figure class=\"wp-block-image size-large\"><img loading=\"lazy\" decoding=\"async\" width=\"1024\" height=\"768\" src=\"http:\/\/sentiernaturemontmelas.fr\/wp-content\/uploads\/2020\/12\/Sentier-Nids-sur-place-5-1024x768.jpg\" alt=\"\" class=\"wp-image-1092\" srcset=\"https:\/\/sentiernaturemontmelas.fr\/wp-content\/uploads\/2020\/12\/Sentier-Nids-sur-place-5-1024x768.jpg 1024w, https:\/\/sentiernaturemontmelas.fr\/wp-content\/uploads\/2020\/12\/Sentier-Nids-sur-place-5-300x225.jpg 300w, https:\/\/sentiernaturemontmelas.fr\/wp-content\/uploads\/2020\/12\/Sentier-Nids-sur-place-5-768x576.jpg 768w, https:\/\/sentiernaturemontmelas.fr\/wp-content\/uploads\/2020\/12\/Sentier-Nids-sur-place-5-1536x1152.jpg 1536w, https:\/\/sentiernaturemontmelas.fr\/wp-content\/uploads\/2020\/12\/Sentier-Nids-sur-place-5-2048x1536.jpg 2048w\" sizes=\"(max-width: 706px) 89vw, (max-width: 767px) 82vw, 740px\" \/><\/figure>\n\n\n\n<p>On a pris des photos de la mare. Nous allons l\u2019observer au fil des semaines. Nous prendrons une photo \u00e0 chaque sortie sur le sentier.<\/p>\n\n\n\n<figure class=\"wp-block-image size-large\"><img loading=\"lazy\" decoding=\"async\" width=\"1024\" height=\"768\" src=\"http:\/\/sentiernaturemontmelas.fr\/wp-content\/uploads\/2020\/12\/Sentier-Nids-sur-place-6-1024x768.jpg\" alt=\"\" class=\"wp-image-1093\" srcset=\"https:\/\/sentiernaturemontmelas.fr\/wp-content\/uploads\/2020\/12\/Sentier-Nids-sur-place-6-1024x768.jpg 1024w, https:\/\/sentiernaturemontmelas.fr\/wp-content\/uploads\/2020\/12\/Sentier-Nids-sur-place-6-300x225.jpg 300w, https:\/\/sentiernaturemontmelas.fr\/wp-content\/uploads\/2020\/12\/Sentier-Nids-sur-place-6-768x576.jpg 768w, https:\/\/sentiernaturemontmelas.fr\/wp-content\/uploads\/2020\/12\/Sentier-Nids-sur-place-6-1536x1152.jpg 1536w, https:\/\/sentiernaturemontmelas.fr\/wp-content\/uploads\/2020\/12\/Sentier-Nids-sur-place-6-2048x1536.jpg 2048w\" sizes=\"(max-width: 706px) 89vw, (max-width: 767px) 82vw, 740px\" \/><\/figure>\n\n\n\n<p>Il y avait Val\u00e9rie sur le sentier qui prenait des photo il y aura peut \u00eatre un article sur le patriote et sur radio calade.<\/p>\n\n\n\n<p><\/p>\n\n\n\n<p>C\u00e9lian et Amaury<\/p>\n","protected":false},"excerpt":{"rendered":"<p>Mercredi 16 d\u00e9cembre, nous sommes all\u00e9s sur le sentier pour am\u00e9nager les nids. Il y avait beaucoup de brouillard et il faisait froid mais heureusement, on \u00e9tait bien habill\u00e9s. On a fait trois groupes : les m\u00e9sanges bleues, les aigles royaux et les paons. Les m\u00e9sanges bleues ont commenc\u00e9 sur les nids. En attendant, les &hellip; <\/p>\n<p class=\"link-more\"><a href=\"https:\/\/sentiernaturemontmelas.fr\/index.php\/2020\/12\/18\/la-cascade-dans-le-ruisseau\/\" class=\"more-link\">Continuer la lecture<span class=\"screen-reader-text\"> de &laquo;&nbsp;La cascade dans le ruisseau&nbsp;&raquo;<\/span><\/a><\/p>\n","protected":false},"author":3,"featured_media":0,"comment_status":"open","ping_status":"open","sticky":false,"template":"","format":"standard","meta":{"footnotes":""},"categories":[1],"tags":[],"_links":{"self":[{"href":"https:\/\/sentiernaturemontmelas.fr\/index.php\/wp-json\/wp\/v2\/posts\/1048"}],"collection":[{"href":"https:\/\/sentiernaturemontmelas.fr\/index.php\/wp-json\/wp\/v2\/posts"}],"about":[{"href":"https:\/\/sentiernaturemontmelas.fr\/index.php\/wp-json\/wp\/v2\/types\/post"}],"author":[{"embeddable":true,"href":"https:\/\/sentiernaturemontmelas.fr\/index.php\/wp-json\/wp\/v2\/users\/3"}],"replies":[{"embeddable":true,"href":"https:\/\/sentiernaturemontmelas.fr\/index.php\/wp-json\/wp\/v2\/comments?post=1048"}],"version-history":[{"count":7,"href":"https:\/\/sentiernaturemontmelas.fr\/index.php\/wp-json\/wp\/v2\/posts\/1048\/revisions"}],"predecessor-version":[{"id":1094,"href":"https:\/\/sentiernaturemontmelas.fr\/index.php\/wp-json\/wp\/v2\/posts\/1048\/revisions\/1094"}],"wp:attachment":[{"href":"https:\/\/sentiernaturemontmelas.fr\/index.php\/wp-json\/wp\/v2\/media?parent=1048"}],"wp:term":[{"taxonomy":"category","embeddable":true,"href":"https:\/\/sentiernaturemontmelas.fr\/index.php\/wp-json\/wp\/v2\/categories?post=1048"},{"taxonomy":"post_tag","embeddable":true,"href":"https:\/\/sentiernaturemontmelas.fr\/index.php\/wp-json\/wp\/v2\/tags?post=1048"}],"curies":[{"name":"wp","href":"https:\/\/api.w.org\/{rel}","templated":true}]}}