{"id":11,"date":"2019-10-02T10:22:00","date_gmt":"2019-10-02T08:22:00","guid":{"rendered":""},"modified":"2019-10-15T16:27:31","modified_gmt":"2019-10-15T14:27:31","slug":"les-vendanges-annee-2019-2020","status":"publish","type":"post","link":"https:\/\/sentiernaturemontmelas.fr\/index.php\/2019\/10\/02\/les-vendanges-annee-2019-2020\/","title":{"rendered":"Les vendanges ann\u00e9e 2019-2020"},"content":{"rendered":"<p><\/p>\n<div align=\"center\" style=\"text-align: center;\"><u><span style=\"font-size: 20.0pt; line-height: 107%;\">Les vendanges<o:p><\/o:p><\/span><\/u><\/div>\n<div align=\"center\" style=\"text-align: center;\"><\/div>\n<div><span style=\"font-size: 20.0pt; line-height: 107%;\">Mardi 1er octobre, avec notre classe, nous sommes all\u00e9s vendanger dans des vignes, \u00e0 c\u00f4t\u00e9 du sentier nature, vers la descente du parcours des animaux. Nous avions chacun un vendangeur et nous avons coup\u00e9 les raisins des ceps. Nous avons vendang\u00e9 deux lignes en mont\u00e9e, et une ligne en descente. Certains ont m\u00eame mang\u00e9 un peu de raisins\u2026<\/span><span style=\"font-family: &quot;segoe ui emoji&quot; , sans-serif; font-size: 20.0pt; line-height: 107%;\">\ud83d\ude0a<\/span><span style=\"font-size: 20.0pt; line-height: 107%;\"> Quand notre saut \u00e9tait plein, on criait:<o:p><\/o:p><\/span><\/div>\n<div style=\"mso-list: l0 level1 lfo1; text-indent: -18.0pt;\"><!--[if !supportLists]--><span style=\"font-size: 20.0pt; line-height: 107%; mso-ascii-font-family: Calibri; mso-bidi-font-family: Calibri; mso-fareast-font-family: Calibri; mso-hansi-font-family: Calibri;\"><span style=\"mso-list: Ignore;\">&#8211;<span style=\"font: 7.0pt &quot;Times New Roman&quot;;\">&nbsp;&nbsp;&nbsp;&nbsp;&nbsp;&nbsp;&nbsp; <\/span><\/span><\/span><!--[endif]--><span style=\"font-size: 20.0pt; line-height: 107%;\">Jarlot (celui qui avait la h\u00f4te) tu viens&nbsp;!!!<o:p><\/o:p><\/span><\/div>\n<div><span style=\"font-size: 20.0pt; line-height: 107%;\">A la fin, nous avons chant\u00e9 une chanson \u00e0 tous les vendangeurs et nous sommes partis.<o:p><\/o:p><\/span><\/div>\n<div><span style=\"font-size: 20pt; line-height: 107%;\"><br \/><\/span><\/div>\n<div><\/p>\n<div style=\"clear: both; text-align: center;\"><span style=\"font-size: 20.0pt; line-height: 107%;\"><a href=\"http:\/\/sentiernaturemontmelas.fr\/wp-content\/uploads\/2019\/10\/P1190613.jpg\" style=\"margin-left: 1em; margin-right: 1em;\"><img loading=\"lazy\" decoding=\"async\" border=\"0\" data-original-height=\"1200\" data-original-width=\"1600\" height=\"240\" src=\"http:\/\/sentiernaturemontmelas.fr\/wp-content\/uploads\/2019\/10\/P1190613-300x225.jpg\" width=\"320\" \/><\/a><a href=\"http:\/\/sentiernaturemontmelas.fr\/wp-content\/uploads\/2019\/10\/P1190606.jpg\" style=\"margin-left: 1em; margin-right: 1em;\"><img loading=\"lazy\" decoding=\"async\" border=\"0\" data-original-height=\"1200\" data-original-width=\"1600\" height=\"240\" src=\"http:\/\/sentiernaturemontmelas.fr\/wp-content\/uploads\/2019\/10\/P1190606-300x225.jpg\" width=\"320\" \/><\/a><\/span><\/div>\n<p><\/p>\n<div style=\"clear: both; text-align: center;\"><span style=\"font-size: 20.0pt; line-height: 107%;\"><a href=\"http:\/\/sentiernaturemontmelas.fr\/wp-content\/uploads\/2019\/10\/P1190617.jpg\" style=\"margin-left: 1em; margin-right: 1em;\"><img loading=\"lazy\" decoding=\"async\" border=\"0\" data-original-height=\"1200\" data-original-width=\"1600\" height=\"240\" src=\"http:\/\/sentiernaturemontmelas.fr\/wp-content\/uploads\/2019\/10\/P1190617-300x225.jpg\" width=\"320\" \/><\/a><\/span><\/div>\n<p><\/p>\n<div><span style=\"font-size: 20pt; line-height: 28.5333px;\">L\u2019avis des \u00e9l\u00e8ves&nbsp;: &nbsp; &nbsp;<\/span><br \/><span style=\"font-size: 26.6667px; line-height: 28.5333px;\">Agathe&nbsp;: J\u2019ai beaucoup&nbsp;<\/span><span style=\"font-size: 20pt;\">aim\u00e9 vendanger car le vendangeur avec qui j\u2019\u00e9tais \u00e9tait tr\u00e8s gentil et j\u2019ai bien aim\u00e9 couper le raisin avec mes ciseaux.&nbsp;<\/span><\/div>\n<\/div>\n<div><span style=\"font-size: 20.0pt; line-height: 107%;\">Tym\u00e9o&nbsp;: J\u2019ai bien aim\u00e9 vendanger parce que mon&nbsp;<\/span><\/div>\n<div><span style=\"font-size: 20.0pt; line-height: 107%;\">vendangeur \u00e9tait gentil.<o:p><\/o:p><\/span><\/div>\n<div><span style=\"font-size: 20.0pt; line-height: 107%;\">Zo\u00e9&nbsp;: J\u2019ai bien aim\u00e9 vendanger parce que les raisins \u00e9taient bons.<o:p><\/o:p><\/span><\/div>\n<div><span style=\"font-size: 20.0pt; line-height: 107%;\">Jules&nbsp;: j\u2019ai bien aim\u00e9 vendanger car toute la classe \u00e9tait dans ce travail collectif. <o:p><\/o:p><\/span><\/div>\n<div><span style=\"font-size: 20.0pt; line-height: 107%;\">&nbsp; &nbsp; &nbsp; &nbsp; &nbsp; &nbsp; &nbsp; &nbsp; &nbsp; &nbsp; &nbsp; &nbsp; &nbsp; &nbsp;<\/span><\/div>\n<div><span style=\"font-size: 20.0pt; line-height: 107%;\">&nbsp; &nbsp; &nbsp; &nbsp; &nbsp; &nbsp; &nbsp; &nbsp; &nbsp; &nbsp; &nbsp; &nbsp; &nbsp; &nbsp; &nbsp; &nbsp; &nbsp; &nbsp; &nbsp; &nbsp; Tym\u00e9o et Agathe<\/span><\/div>\n<p><\/p>\n","protected":false},"excerpt":{"rendered":"<p>Les vendanges Mardi 1er octobre, avec notre classe, nous sommes all\u00e9s vendanger dans des vignes, \u00e0 c\u00f4t\u00e9 du sentier nature, vers la descente du parcours des animaux. Nous avions chacun un vendangeur et nous avons coup\u00e9 les raisins des ceps. Nous avons vendang\u00e9 deux lignes en mont\u00e9e, et une ligne en descente. Certains ont m\u00eame &hellip; <\/p>\n<p class=\"link-more\"><a href=\"https:\/\/sentiernaturemontmelas.fr\/index.php\/2019\/10\/02\/les-vendanges-annee-2019-2020\/\" class=\"more-link\">Continuer la lecture<span class=\"screen-reader-text\"> de &laquo;&nbsp;Les vendanges ann\u00e9e 2019-2020&nbsp;&raquo;<\/span><\/a><\/p>\n","protected":false},"author":2,"featured_media":76,"comment_status":"open","ping_status":"open","sticky":false,"template":"","format":"standard","meta":{"footnotes":""},"categories":[1],"tags":[],"_links":{"self":[{"href":"https:\/\/sentiernaturemontmelas.fr\/index.php\/wp-json\/wp\/v2\/posts\/11"}],"collection":[{"href":"https:\/\/sentiernaturemontmelas.fr\/index.php\/wp-json\/wp\/v2\/posts"}],"about":[{"href":"https:\/\/sentiernaturemontmelas.fr\/index.php\/wp-json\/wp\/v2\/types\/post"}],"author":[{"embeddable":true,"href":"https:\/\/sentiernaturemontmelas.fr\/index.php\/wp-json\/wp\/v2\/users\/2"}],"replies":[{"embeddable":true,"href":"https:\/\/sentiernaturemontmelas.fr\/index.php\/wp-json\/wp\/v2\/comments?post=11"}],"version-history":[{"count":1,"href":"https:\/\/sentiernaturemontmelas.fr\/index.php\/wp-json\/wp\/v2\/posts\/11\/revisions"}],"predecessor-version":[{"id":79,"href":"https:\/\/sentiernaturemontmelas.fr\/index.php\/wp-json\/wp\/v2\/posts\/11\/revisions\/79"}],"wp:featuredmedia":[{"embeddable":true,"href":"https:\/\/sentiernaturemontmelas.fr\/index.php\/wp-json\/wp\/v2\/media\/76"}],"wp:attachment":[{"href":"https:\/\/sentiernaturemontmelas.fr\/index.php\/wp-json\/wp\/v2\/media?parent=11"}],"wp:term":[{"taxonomy":"category","embeddable":true,"href":"https:\/\/sentiernaturemontmelas.fr\/index.php\/wp-json\/wp\/v2\/categories?post=11"},{"taxonomy":"post_tag","embeddable":true,"href":"https:\/\/sentiernaturemontmelas.fr\/index.php\/wp-json\/wp\/v2\/tags?post=11"}],"curies":[{"name":"wp","href":"https:\/\/api.w.org\/{rel}","templated":true}]}}