{"id":12,"date":"2019-09-24T14:45:00","date_gmt":"2019-09-24T12:45:00","guid":{"rendered":""},"modified":"2019-10-15T16:27:33","modified_gmt":"2019-10-15T14:27:33","slug":"la-classe-de-cycle-3-repare-le-sentier","status":"publish","type":"post","link":"https:\/\/sentiernaturemontmelas.fr\/index.php\/2019\/09\/24\/la-classe-de-cycle-3-repare-le-sentier\/","title":{"rendered":"La classe de cycle 3 r\u00e9pare le sentier !"},"content":{"rendered":"<p><\/p>\n<div><span style=\"font-size: 18.0pt; line-height: 115%;\">Tous les mercredis, si on peut, avec notre classe nous allons sur le sentier. Mercredi 18 septembre, nous avons fait le parcours insecte et nous avons regard\u00e9 s\u2019il n\u2019y a pas eu de d\u00e9g\u00e2ts. Malheureusement, le panneau de la coccinelle s\u2019est envol\u00e9 et il est tomb\u00e9 derri\u00e8re l\u2019observatoire en hauteur. Quelques poteries que l\u2019on avait faites l\u2019ann\u00e9e derni\u00e8re se sont cass\u00e9es (bryone et chardon panicaud). Une grosse machine a broy\u00e9 le panneau de la m\u00e9sange que l\u2019on avait refait l\u2019ann\u00e9e derni\u00e8re.<span style=\"mso-spacerun: yes;\">&nbsp;&nbsp;&nbsp;&nbsp;&nbsp;&nbsp;&nbsp;&nbsp;&nbsp;&nbsp;&nbsp;&nbsp;&nbsp;&nbsp;&nbsp;&nbsp;&nbsp;&nbsp;&nbsp;&nbsp;&nbsp;&nbsp;&nbsp;&nbsp;&nbsp;&nbsp;&nbsp;&nbsp;&nbsp;&nbsp;&nbsp;&nbsp;&nbsp;&nbsp;&nbsp;&nbsp;&nbsp;&nbsp;&nbsp;&nbsp;&nbsp;&nbsp;&nbsp;&nbsp;&nbsp;&nbsp;&nbsp;&nbsp;&nbsp;&nbsp;&nbsp;&nbsp;&nbsp;&nbsp;&nbsp;&nbsp;&nbsp;&nbsp;&nbsp;&nbsp;&nbsp; <\/span><span style=\"mso-spacerun: yes;\">&nbsp; &nbsp;<\/span>Avec notre classe, nous allons donc tout r\u00e9parer et vous refaire un nouveau parcours insecte tout neuf. Nous allons r\u00e9parer les m\u00e9canismes des inclusions, vous mettre les inclusions manquantes pour un nouveau super parcours.<o:p><\/o:p><\/span><\/div>\n<div><\/div>\n<div align=\"center\" style=\"text-align: center;\"><span style=\"font-size: 18.0pt; line-height: 115%;\">Agathe<o:p><\/o:p><\/span><\/div>\n<div style=\"clear: both; text-align: center;\"><a href=\"http:\/\/sentiernaturemontmelas.fr\/wp-content\/uploads\/2019\/09\/P1190527.jpg\" style=\"margin-left: 1em; margin-right: 1em;\"><img loading=\"lazy\" decoding=\"async\" border=\"0\" data-original-height=\"1200\" data-original-width=\"1600\" height=\"240\" src=\"http:\/\/sentiernaturemontmelas.fr\/wp-content\/uploads\/2019\/09\/P1190527-300x225.jpg\" width=\"320\" \/><\/a><\/div>\n<div style=\"clear: both; text-align: center;\"><a href=\"http:\/\/sentiernaturemontmelas.fr\/wp-content\/uploads\/2019\/09\/P1190517.jpg\" style=\"margin-left: 1em; margin-right: 1em;\"><img loading=\"lazy\" decoding=\"async\" border=\"0\" data-original-height=\"1200\" data-original-width=\"1600\" height=\"240\" src=\"http:\/\/sentiernaturemontmelas.fr\/wp-content\/uploads\/2019\/09\/P1190517-300x225.jpg\" width=\"320\" \/><\/a><\/div>\n<div style=\"clear: both; text-align: center;\"><a href=\"http:\/\/sentiernaturemontmelas.fr\/wp-content\/uploads\/2019\/09\/P1190576.jpg\" style=\"margin-left: 1em; margin-right: 1em;\"><img loading=\"lazy\" decoding=\"async\" border=\"0\" data-original-height=\"1200\" data-original-width=\"1600\" height=\"240\" src=\"http:\/\/sentiernaturemontmelas.fr\/wp-content\/uploads\/2019\/09\/P1190576-300x225.jpg\" width=\"320\" \/><\/a><\/div>\n<p><\/p>\n","protected":false},"excerpt":{"rendered":"<p>Tous les mercredis, si on peut, avec notre classe nous allons sur le sentier. Mercredi 18 septembre, nous avons fait le parcours insecte et nous avons regard\u00e9 s\u2019il n\u2019y a pas eu de d\u00e9g\u00e2ts. Malheureusement, le panneau de la coccinelle s\u2019est envol\u00e9 et il est tomb\u00e9 derri\u00e8re l\u2019observatoire en hauteur. Quelques poteries que l\u2019on avait &hellip; <\/p>\n<p class=\"link-more\"><a href=\"https:\/\/sentiernaturemontmelas.fr\/index.php\/2019\/09\/24\/la-classe-de-cycle-3-repare-le-sentier\/\" class=\"more-link\">Continuer la lecture<span class=\"screen-reader-text\"> de &laquo;&nbsp;La classe de cycle 3 r\u00e9pare le sentier !&nbsp;&raquo;<\/span><\/a><\/p>\n","protected":false},"author":2,"featured_media":80,"comment_status":"open","ping_status":"open","sticky":false,"template":"","format":"standard","meta":{"footnotes":""},"categories":[1],"tags":[],"_links":{"self":[{"href":"https:\/\/sentiernaturemontmelas.fr\/index.php\/wp-json\/wp\/v2\/posts\/12"}],"collection":[{"href":"https:\/\/sentiernaturemontmelas.fr\/index.php\/wp-json\/wp\/v2\/posts"}],"about":[{"href":"https:\/\/sentiernaturemontmelas.fr\/index.php\/wp-json\/wp\/v2\/types\/post"}],"author":[{"embeddable":true,"href":"https:\/\/sentiernaturemontmelas.fr\/index.php\/wp-json\/wp\/v2\/users\/2"}],"replies":[{"embeddable":true,"href":"https:\/\/sentiernaturemontmelas.fr\/index.php\/wp-json\/wp\/v2\/comments?post=12"}],"version-history":[{"count":1,"href":"https:\/\/sentiernaturemontmelas.fr\/index.php\/wp-json\/wp\/v2\/posts\/12\/revisions"}],"predecessor-version":[{"id":83,"href":"https:\/\/sentiernaturemontmelas.fr\/index.php\/wp-json\/wp\/v2\/posts\/12\/revisions\/83"}],"wp:featuredmedia":[{"embeddable":true,"href":"https:\/\/sentiernaturemontmelas.fr\/index.php\/wp-json\/wp\/v2\/media\/80"}],"wp:attachment":[{"href":"https:\/\/sentiernaturemontmelas.fr\/index.php\/wp-json\/wp\/v2\/media?parent=12"}],"wp:term":[{"taxonomy":"category","embeddable":true,"href":"https:\/\/sentiernaturemontmelas.fr\/index.php\/wp-json\/wp\/v2\/categories?post=12"},{"taxonomy":"post_tag","embeddable":true,"href":"https:\/\/sentiernaturemontmelas.fr\/index.php\/wp-json\/wp\/v2\/tags?post=12"}],"curies":[{"name":"wp","href":"https:\/\/api.w.org\/{rel}","templated":true}]}}