{"id":1287,"date":"2021-04-30T10:34:12","date_gmt":"2021-04-30T08:34:12","guid":{"rendered":"http:\/\/sentiernaturemontmelas.fr\/?p=1287"},"modified":"2021-05-10T17:44:18","modified_gmt":"2021-05-10T15:44:18","slug":"la-remise-des-panneaux-sur-le-sentier-nature","status":"publish","type":"post","link":"https:\/\/sentiernaturemontmelas.fr\/index.php\/2021\/04\/30\/la-remise-des-panneaux-sur-le-sentier-nature\/","title":{"rendered":"La remise des panneaux sur le sentier nature."},"content":{"rendered":"\n<p>Le 26 Mars, quelques parents et enfants se sont r\u00e9unis devant l&rsquo;\u00e9cole pour installer les panneaux sur le sentier nature. Les panneaux qui \u00e9taient \u00e0 l&rsquo; \u00e9cole avaient \u00e9t\u00e9 pr\u00e9par\u00e9s sur le balcon pendant l\u2019apr\u00e8s-midi, nous avons tout charg\u00e9 dans une voiture et nous sommes all\u00e9s \u00e0 la mairie. Nous avons pris les panneaux qui \u00e9taient dans la cave de la mairie. Nous les avons install\u00e9s par terre pour changer les photos, r\u00e9\u00e9crire ce qui ne se voyait pas bien. Beaucoup d&rsquo;anciens \u00e9l\u00e8ves sont venus nous aider.<\/p>\n\n\n\n<figure class=\"wp-block-image size-large\"><img loading=\"lazy\" decoding=\"async\" width=\"1024\" height=\"768\" src=\"http:\/\/sentiernaturemontmelas.fr\/wp-content\/uploads\/2021\/05\/IMG_8794-1024x768.jpg\" alt=\"\" class=\"wp-image-1397\" srcset=\"https:\/\/sentiernaturemontmelas.fr\/wp-content\/uploads\/2021\/05\/IMG_8794-1024x768.jpg 1024w, https:\/\/sentiernaturemontmelas.fr\/wp-content\/uploads\/2021\/05\/IMG_8794-300x225.jpg 300w, https:\/\/sentiernaturemontmelas.fr\/wp-content\/uploads\/2021\/05\/IMG_8794-768x576.jpg 768w, https:\/\/sentiernaturemontmelas.fr\/wp-content\/uploads\/2021\/05\/IMG_8794-1536x1152.jpg 1536w, https:\/\/sentiernaturemontmelas.fr\/wp-content\/uploads\/2021\/05\/IMG_8794-2048x1536.jpg 2048w\" sizes=\"(max-width: 706px) 89vw, (max-width: 767px) 82vw, 740px\" \/><\/figure>\n\n\n\n<p>Alors, nous nous sommes s\u00e9par\u00e9s en deux groupes :&nbsp;un groupe \u00e9tait avec une brouette avec les premiers&nbsp;panneaux&nbsp;\u00e0 installer&nbsp;et&nbsp;un deuxi\u00e8me groupe \u00e9tait en voiture, ils avaient beaucoup de panneaux \u00e0 installer.<br>Moi, j\u2019\u00e9tais avec le premier groupe, nous accrochions les panneaux au fur et \u00e0 mesure que nous avancions mais d&rsquo;un coup il a commenc\u00e9 \u00e0 pleuvoir ! Alors nous avons d\u00e9cid\u00e9&nbsp;avec l\u2019autre groupe que nous allions arr\u00eater et continuer mardi 30 mars.<\/p>\n\n\n\n<figure class=\"wp-block-image size-large\"><img loading=\"lazy\" decoding=\"async\" width=\"1024\" height=\"768\" src=\"http:\/\/sentiernaturemontmelas.fr\/wp-content\/uploads\/2021\/05\/P1200198-1024x768.jpg\" alt=\"\" class=\"wp-image-1399\" srcset=\"https:\/\/sentiernaturemontmelas.fr\/wp-content\/uploads\/2021\/05\/P1200198-1024x768.jpg 1024w, https:\/\/sentiernaturemontmelas.fr\/wp-content\/uploads\/2021\/05\/P1200198-300x225.jpg 300w, https:\/\/sentiernaturemontmelas.fr\/wp-content\/uploads\/2021\/05\/P1200198-768x576.jpg 768w, https:\/\/sentiernaturemontmelas.fr\/wp-content\/uploads\/2021\/05\/P1200198-1536x1152.jpg 1536w, https:\/\/sentiernaturemontmelas.fr\/wp-content\/uploads\/2021\/05\/P1200198.jpg 2048w\" sizes=\"(max-width: 706px) 89vw, (max-width: 767px) 82vw, 740px\" \/><\/figure>\n\n\n\n<p>Mardi 30 Mars un petit&nbsp;groupe s&rsquo;est r\u00e9uni pour finir d&rsquo;installer les panneaux. Nous avions tous un panneau, nous sommes rest\u00e9s  en un groupe et nous les avons install\u00e9s au fur et \u00e0 mesure. Nous avons fini d&rsquo; installer tous les panneaux sur le sentier nature.<\/p>\n\n\n\n<p><\/p>\n\n\n\n<p><\/p>\n\n\n\n<p>Louis-Martin<\/p>\n","protected":false},"excerpt":{"rendered":"<p>Le 26 Mars, quelques parents et enfants se sont r\u00e9unis devant l&rsquo;\u00e9cole pour installer les panneaux sur le sentier nature. Les panneaux qui \u00e9taient \u00e0 l&rsquo; \u00e9cole avaient \u00e9t\u00e9 pr\u00e9par\u00e9s sur le balcon pendant l\u2019apr\u00e8s-midi, nous avons tout charg\u00e9 dans une voiture et nous sommes all\u00e9s \u00e0 la mairie. Nous avons pris les panneaux qui &hellip; <\/p>\n<p class=\"link-more\"><a href=\"https:\/\/sentiernaturemontmelas.fr\/index.php\/2021\/04\/30\/la-remise-des-panneaux-sur-le-sentier-nature\/\" class=\"more-link\">Continuer la lecture<span class=\"screen-reader-text\"> de &laquo;&nbsp;La remise des panneaux sur le sentier nature.&nbsp;&raquo;<\/span><\/a><\/p>\n","protected":false},"author":3,"featured_media":0,"comment_status":"open","ping_status":"open","sticky":false,"template":"","format":"standard","meta":{"footnotes":""},"categories":[1],"tags":[],"_links":{"self":[{"href":"https:\/\/sentiernaturemontmelas.fr\/index.php\/wp-json\/wp\/v2\/posts\/1287"}],"collection":[{"href":"https:\/\/sentiernaturemontmelas.fr\/index.php\/wp-json\/wp\/v2\/posts"}],"about":[{"href":"https:\/\/sentiernaturemontmelas.fr\/index.php\/wp-json\/wp\/v2\/types\/post"}],"author":[{"embeddable":true,"href":"https:\/\/sentiernaturemontmelas.fr\/index.php\/wp-json\/wp\/v2\/users\/3"}],"replies":[{"embeddable":true,"href":"https:\/\/sentiernaturemontmelas.fr\/index.php\/wp-json\/wp\/v2\/comments?post=1287"}],"version-history":[{"count":10,"href":"https:\/\/sentiernaturemontmelas.fr\/index.php\/wp-json\/wp\/v2\/posts\/1287\/revisions"}],"predecessor-version":[{"id":1448,"href":"https:\/\/sentiernaturemontmelas.fr\/index.php\/wp-json\/wp\/v2\/posts\/1287\/revisions\/1448"}],"wp:attachment":[{"href":"https:\/\/sentiernaturemontmelas.fr\/index.php\/wp-json\/wp\/v2\/media?parent=1287"}],"wp:term":[{"taxonomy":"category","embeddable":true,"href":"https:\/\/sentiernaturemontmelas.fr\/index.php\/wp-json\/wp\/v2\/categories?post=1287"},{"taxonomy":"post_tag","embeddable":true,"href":"https:\/\/sentiernaturemontmelas.fr\/index.php\/wp-json\/wp\/v2\/tags?post=1287"}],"curies":[{"name":"wp","href":"https:\/\/api.w.org\/{rel}","templated":true}]}}