{"id":13,"date":"2019-05-23T15:11:00","date_gmt":"2019-05-23T13:11:00","guid":{"rendered":""},"modified":"2019-10-15T16:27:33","modified_gmt":"2019-10-15T14:27:33","slug":"13","status":"publish","type":"post","link":"https:\/\/sentiernaturemontmelas.fr\/index.php\/2019\/05\/23\/13\/","title":{"rendered":""},"content":{"rendered":"<div align=\"center\" style=\"text-align: center;\"><i><u><span lang=\"EN-US\" style=\"font-size: 36.0pt; line-height: 115%;\">Philosophie<\/span><\/u><\/i><i><u><span lang=\"EN-US\" style=\"font-size: 18.0pt; line-height: 115%;\"><o:p><\/o:p><\/span><\/u><\/i><\/div>\n<div><\/div>\n<div><span style=\"font-size: 14.0pt; line-height: 115%; mso-ansi-language: FR;\">Mercredi 3 avril nous avons fait philosophie avec Juliette la maman de Nolan, un \u00e9l\u00e8ve de l\u2019\u00e9cole. Elle nous a fait un temps calme, elle nous a demand\u00e9 de fermer les yeux et d\u2019imaginer une bougie de n\u2019importe quelle couleur, et de n\u2019importe quelle sortes&#8230;<\/span><br \/><span style=\"font-size: 14.0pt; line-height: 115%; mso-ansi-language: FR;\">5 minute plus tard, nous avons ouvert les yeux . Juliette a distribu\u00e9 les R\u00f4les, &nbsp;il y a dessinateur, donneur de parole et secr\u00e9taire. Le secr\u00e9taire marque ce que disent les autres. nous avons parl\u00e9 de l\u2019\u00e9cologie de la terre. Voila un extrait de ce que nous avons dit: &nbsp;: \u00ab\u00a0La terre fait partie de la nature. Le ciment&nbsp; n\u2019est pas bio d\u00e9gradable.\u00a0\u00bb <o:p><\/o:p><\/span><br \/><span style=\"font-size: 14.0pt; line-height: 115%; mso-ansi-language: FR;\">J&rsquo;aime bien la philosophie!<\/span><br \/><span style=\"font-size: 14.0pt; line-height: 115%; mso-ansi-language: FR;\"><b>Jumana<\/b><\/span><\/div>\n<div><\/div>\n<div><\/div>\n<p><\/p>\n<div><\/div>\n","protected":false},"excerpt":{"rendered":"<p>Philosophie Mercredi 3 avril nous avons fait philosophie avec Juliette la maman de Nolan, un \u00e9l\u00e8ve de l\u2019\u00e9cole. Elle nous a fait un temps calme, elle nous a demand\u00e9 de fermer les yeux et d\u2019imaginer une bougie de n\u2019importe quelle couleur, et de n\u2019importe quelle sortes&#8230;5 minute plus tard, nous avons ouvert les yeux . &hellip; <\/p>\n<p class=\"link-more\"><a href=\"https:\/\/sentiernaturemontmelas.fr\/index.php\/2019\/05\/23\/13\/\" class=\"more-link\">Continuer la lecture<span class=\"screen-reader-text\"> de &laquo;&nbsp;&nbsp;&raquo;<\/span><\/a><\/p>\n","protected":false},"author":2,"featured_media":0,"comment_status":"open","ping_status":"open","sticky":false,"template":"","format":"standard","meta":{"footnotes":""},"categories":[1],"tags":[],"_links":{"self":[{"href":"https:\/\/sentiernaturemontmelas.fr\/index.php\/wp-json\/wp\/v2\/posts\/13"}],"collection":[{"href":"https:\/\/sentiernaturemontmelas.fr\/index.php\/wp-json\/wp\/v2\/posts"}],"about":[{"href":"https:\/\/sentiernaturemontmelas.fr\/index.php\/wp-json\/wp\/v2\/types\/post"}],"author":[{"embeddable":true,"href":"https:\/\/sentiernaturemontmelas.fr\/index.php\/wp-json\/wp\/v2\/users\/2"}],"replies":[{"embeddable":true,"href":"https:\/\/sentiernaturemontmelas.fr\/index.php\/wp-json\/wp\/v2\/comments?post=13"}],"version-history":[{"count":1,"href":"https:\/\/sentiernaturemontmelas.fr\/index.php\/wp-json\/wp\/v2\/posts\/13\/revisions"}],"predecessor-version":[{"id":84,"href":"https:\/\/sentiernaturemontmelas.fr\/index.php\/wp-json\/wp\/v2\/posts\/13\/revisions\/84"}],"wp:attachment":[{"href":"https:\/\/sentiernaturemontmelas.fr\/index.php\/wp-json\/wp\/v2\/media?parent=13"}],"wp:term":[{"taxonomy":"category","embeddable":true,"href":"https:\/\/sentiernaturemontmelas.fr\/index.php\/wp-json\/wp\/v2\/categories?post=13"},{"taxonomy":"post_tag","embeddable":true,"href":"https:\/\/sentiernaturemontmelas.fr\/index.php\/wp-json\/wp\/v2\/tags?post=13"}],"curies":[{"name":"wp","href":"https:\/\/api.w.org\/{rel}","templated":true}]}}