{"id":1381,"date":"2021-05-07T17:01:24","date_gmt":"2021-05-07T15:01:24","guid":{"rendered":"http:\/\/sentiernaturemontmelas.fr\/?p=1381"},"modified":"2021-05-10T20:55:21","modified_gmt":"2021-05-10T18:55:21","slug":"la-mare-expliquee-par-fabien","status":"publish","type":"post","link":"https:\/\/sentiernaturemontmelas.fr\/index.php\/2021\/05\/07\/la-mare-expliquee-par-fabien\/","title":{"rendered":"La mare expliqu\u00e9e par Fabien"},"content":{"rendered":"\n<p>Mardi 4 Mai les enfants de la classe maternelle sont all\u00e9s sur le sentier nature. Ils ont rencontr\u00e9 Fabien, membre de la LPO qui leur a montr\u00e9 le fruit de sa p\u00eache dans la mare du sentier. <\/p>\n\n\n\n<figure class=\"wp-block-image size-large\"><img loading=\"lazy\" decoding=\"async\" width=\"1024\" height=\"576\" src=\"http:\/\/sentiernaturemontmelas.fr\/wp-content\/uploads\/2021\/05\/20210504_141806-1024x576.jpg\" alt=\"\" class=\"wp-image-1415\" srcset=\"https:\/\/sentiernaturemontmelas.fr\/wp-content\/uploads\/2021\/05\/20210504_141806-1024x576.jpg 1024w, https:\/\/sentiernaturemontmelas.fr\/wp-content\/uploads\/2021\/05\/20210504_141806-300x169.jpg 300w, https:\/\/sentiernaturemontmelas.fr\/wp-content\/uploads\/2021\/05\/20210504_141806-768x432.jpg 768w, https:\/\/sentiernaturemontmelas.fr\/wp-content\/uploads\/2021\/05\/20210504_141806-1536x864.jpg 1536w, https:\/\/sentiernaturemontmelas.fr\/wp-content\/uploads\/2021\/05\/20210504_141806-2048x1152.jpg 2048w\" sizes=\"(max-width: 706px) 89vw, (max-width: 767px) 82vw, 740px\" \/><\/figure>\n\n\n\n<p>Fabien a une autorisation qui lui permet de manipuler et rel\u00e2cher les esp\u00e8ces prot\u00e9g\u00e9es par la loi . Il faisait tr\u00e8s attention en manipulant tous ces amphibiens. Il mouillait \u00e0 chaque fois ses mains pour \u00a0pour ne pas retirer leur mucus protecteur et ne pas transmettre de bact\u00e9ries\u00a0puis les remettait dans son seau.  Il l&rsquo;a fait de fa\u00e7on exceptionnelle et avec pr\u00e9caution (pour sensibiliser) car c&rsquo;est la p\u00e9riode de reproduction.<\/p>\n\n\n\n<figure class=\"wp-block-image size-large\"><img loading=\"lazy\" decoding=\"async\" width=\"1024\" height=\"576\" src=\"http:\/\/sentiernaturemontmelas.fr\/wp-content\/uploads\/2021\/05\/20210504_143352-1024x576.jpg\" alt=\"\" class=\"wp-image-1414\" srcset=\"https:\/\/sentiernaturemontmelas.fr\/wp-content\/uploads\/2021\/05\/20210504_143352-1024x576.jpg 1024w, https:\/\/sentiernaturemontmelas.fr\/wp-content\/uploads\/2021\/05\/20210504_143352-300x169.jpg 300w, https:\/\/sentiernaturemontmelas.fr\/wp-content\/uploads\/2021\/05\/20210504_143352-768x432.jpg 768w, https:\/\/sentiernaturemontmelas.fr\/wp-content\/uploads\/2021\/05\/20210504_143352-1536x864.jpg 1536w, https:\/\/sentiernaturemontmelas.fr\/wp-content\/uploads\/2021\/05\/20210504_143352-2048x1152.jpg 2048w\" sizes=\"(max-width: 706px) 89vw, (max-width: 767px) 82vw, 740px\" \/><\/figure>\n\n\n\n<p>Il a montr\u00e9 une larve de salamandre, un t\u00eatard, des tritons, une larve de libellule.<\/p>\n\n\n\n<figure class=\"wp-block-image size-large\"><img loading=\"lazy\" decoding=\"async\" width=\"1024\" height=\"576\" src=\"http:\/\/sentiernaturemontmelas.fr\/wp-content\/uploads\/2021\/05\/20210504_142125-1-1024x576.jpg\" alt=\"\" class=\"wp-image-1421\" srcset=\"https:\/\/sentiernaturemontmelas.fr\/wp-content\/uploads\/2021\/05\/20210504_142125-1-1024x576.jpg 1024w, https:\/\/sentiernaturemontmelas.fr\/wp-content\/uploads\/2021\/05\/20210504_142125-1-300x169.jpg 300w, https:\/\/sentiernaturemontmelas.fr\/wp-content\/uploads\/2021\/05\/20210504_142125-1-768x432.jpg 768w, https:\/\/sentiernaturemontmelas.fr\/wp-content\/uploads\/2021\/05\/20210504_142125-1-1536x864.jpg 1536w, https:\/\/sentiernaturemontmelas.fr\/wp-content\/uploads\/2021\/05\/20210504_142125-1-2048x1152.jpg 2048w\" sizes=\"(max-width: 706px) 89vw, (max-width: 767px) 82vw, 740px\" \/><\/figure>\n\n\n\n<p>Il a expliqu\u00e9 qu\u2019il ne fallait surtout pas introduire de poisson dans une mare car celui-ci d\u00e9vorerait les larves des petits animaux qu\u2019il trouverait dans l\u2019eau et il n\u2019y aurait plus de grenouille, de libellule, de salamandre etc\u2026<\/p>\n\n\n\n<figure class=\"wp-block-image size-large\"><img loading=\"lazy\" decoding=\"async\" width=\"1024\" height=\"576\" src=\"http:\/\/sentiernaturemontmelas.fr\/wp-content\/uploads\/2021\/05\/20210504_142503-1024x576.jpg\" alt=\"\" class=\"wp-image-1417\" srcset=\"https:\/\/sentiernaturemontmelas.fr\/wp-content\/uploads\/2021\/05\/20210504_142503-1024x576.jpg 1024w, https:\/\/sentiernaturemontmelas.fr\/wp-content\/uploads\/2021\/05\/20210504_142503-300x169.jpg 300w, https:\/\/sentiernaturemontmelas.fr\/wp-content\/uploads\/2021\/05\/20210504_142503-768x432.jpg 768w, https:\/\/sentiernaturemontmelas.fr\/wp-content\/uploads\/2021\/05\/20210504_142503-1536x864.jpg 1536w, https:\/\/sentiernaturemontmelas.fr\/wp-content\/uploads\/2021\/05\/20210504_142503-2048x1152.jpg 2048w\" sizes=\"(max-width: 706px) 89vw, (max-width: 767px) 82vw, 740px\" \/><\/figure>\n\n\n\n<p>Il a expliqu\u00e9 comment diff\u00e9rencier les tritons m\u00e2les des femelles. Les m\u00e2les ont des p\u00e2tes arri\u00e8re palm\u00e9es ce qui n\u2019est pas le cas des femelles. Le triton alpestre qu\u2019on a observ\u00e9 a un ventre orang\u00e9 vif et des petits points jaunes.<\/p>\n\n\n\n<figure class=\"wp-block-image size-large\"><img loading=\"lazy\" decoding=\"async\" width=\"576\" height=\"1024\" src=\"http:\/\/sentiernaturemontmelas.fr\/wp-content\/uploads\/2021\/05\/20210504_142142-576x1024.jpg\" alt=\"\" class=\"wp-image-1418\" srcset=\"https:\/\/sentiernaturemontmelas.fr\/wp-content\/uploads\/2021\/05\/20210504_142142-576x1024.jpg 576w, https:\/\/sentiernaturemontmelas.fr\/wp-content\/uploads\/2021\/05\/20210504_142142-169x300.jpg 169w, https:\/\/sentiernaturemontmelas.fr\/wp-content\/uploads\/2021\/05\/20210504_142142-768x1365.jpg 768w, https:\/\/sentiernaturemontmelas.fr\/wp-content\/uploads\/2021\/05\/20210504_142142-864x1536.jpg 864w, https:\/\/sentiernaturemontmelas.fr\/wp-content\/uploads\/2021\/05\/20210504_142142-1152x2048.jpg 1152w, https:\/\/sentiernaturemontmelas.fr\/wp-content\/uploads\/2021\/05\/20210504_142142-scaled.jpg 1440w\" sizes=\"(max-width: 576px) 100vw, 576px\" \/><\/figure>\n\n\n\n<p>La salamandre a des branchies sur les c\u00f4t\u00e9s qui lui permettent de respirer.<\/p>\n\n\n\n<p>La larve de libellule a une arme secr\u00e8te\u00a0: sa m\u00e2choire s\u2019allonge pour attraper les t\u00eatards qu\u2019elle veut manger. C\u2019est impressionnant \u00e0 voir.<\/p>\n\n\n\n<figure class=\"wp-block-image size-large\"><img loading=\"lazy\" decoding=\"async\" width=\"1024\" height=\"576\" src=\"http:\/\/sentiernaturemontmelas.fr\/wp-content\/uploads\/2021\/05\/20210504_142506-2-1024x576.jpg\" alt=\"\" class=\"wp-image-1422\" srcset=\"https:\/\/sentiernaturemontmelas.fr\/wp-content\/uploads\/2021\/05\/20210504_142506-2-1024x576.jpg 1024w, https:\/\/sentiernaturemontmelas.fr\/wp-content\/uploads\/2021\/05\/20210504_142506-2-300x169.jpg 300w, https:\/\/sentiernaturemontmelas.fr\/wp-content\/uploads\/2021\/05\/20210504_142506-2-768x432.jpg 768w, https:\/\/sentiernaturemontmelas.fr\/wp-content\/uploads\/2021\/05\/20210504_142506-2-1536x864.jpg 1536w, https:\/\/sentiernaturemontmelas.fr\/wp-content\/uploads\/2021\/05\/20210504_142506-2-2048x1152.jpg 2048w\" sizes=\"(max-width: 706px) 89vw, (max-width: 767px) 82vw, 740px\" \/><\/figure>\n\n\n\n<p>Comme nous ne pouvons pas faire comme Fabien pour observer les habitants de la mare, il a propos\u00e9 d\u2019am\u00e9nager les abords en posant quelques tuiles sur les c\u00f4t\u00e9s. Ainsi les salamandres ou les grenouilles auront la possibilit\u00e9 de s\u2019y r\u00e9fugier et ainsi en soulevant d\u00e9licatement les tuiles nous aurons plus de chance de les observer sans les blesser ou d\u00e9truire leur habitat.<\/p>\n\n\n\n<figure class=\"wp-block-image size-large\"><img loading=\"lazy\" decoding=\"async\" width=\"1024\" height=\"576\" src=\"http:\/\/sentiernaturemontmelas.fr\/wp-content\/uploads\/2021\/05\/20210504_142242-1024x576.jpg\" alt=\"\" class=\"wp-image-1423\" srcset=\"https:\/\/sentiernaturemontmelas.fr\/wp-content\/uploads\/2021\/05\/20210504_142242-1024x576.jpg 1024w, https:\/\/sentiernaturemontmelas.fr\/wp-content\/uploads\/2021\/05\/20210504_142242-300x169.jpg 300w, https:\/\/sentiernaturemontmelas.fr\/wp-content\/uploads\/2021\/05\/20210504_142242-768x432.jpg 768w, https:\/\/sentiernaturemontmelas.fr\/wp-content\/uploads\/2021\/05\/20210504_142242-1536x864.jpg 1536w, https:\/\/sentiernaturemontmelas.fr\/wp-content\/uploads\/2021\/05\/20210504_142242-2048x1152.jpg 2048w\" sizes=\"(max-width: 706px) 89vw, (max-width: 767px) 82vw, 740px\" \/><\/figure>\n\n\n\n<p><\/p>\n\n\n\n<p><\/p>\n","protected":false},"excerpt":{"rendered":"<p>Mardi 4 Mai les enfants de la classe maternelle sont all\u00e9s sur le sentier nature. Ils ont rencontr\u00e9 Fabien, membre de la LPO qui leur a montr\u00e9 le fruit de sa p\u00eache dans la mare du sentier. Fabien a une autorisation qui lui permet de manipuler et rel\u00e2cher les esp\u00e8ces prot\u00e9g\u00e9es par la loi . &hellip; <\/p>\n<p class=\"link-more\"><a href=\"https:\/\/sentiernaturemontmelas.fr\/index.php\/2021\/05\/07\/la-mare-expliquee-par-fabien\/\" class=\"more-link\">Continuer la lecture<span class=\"screen-reader-text\"> de &laquo;&nbsp;La mare expliqu\u00e9e par Fabien&nbsp;&raquo;<\/span><\/a><\/p>\n","protected":false},"author":3,"featured_media":0,"comment_status":"open","ping_status":"open","sticky":false,"template":"","format":"standard","meta":{"footnotes":""},"categories":[1],"tags":[],"_links":{"self":[{"href":"https:\/\/sentiernaturemontmelas.fr\/index.php\/wp-json\/wp\/v2\/posts\/1381"}],"collection":[{"href":"https:\/\/sentiernaturemontmelas.fr\/index.php\/wp-json\/wp\/v2\/posts"}],"about":[{"href":"https:\/\/sentiernaturemontmelas.fr\/index.php\/wp-json\/wp\/v2\/types\/post"}],"author":[{"embeddable":true,"href":"https:\/\/sentiernaturemontmelas.fr\/index.php\/wp-json\/wp\/v2\/users\/3"}],"replies":[{"embeddable":true,"href":"https:\/\/sentiernaturemontmelas.fr\/index.php\/wp-json\/wp\/v2\/comments?post=1381"}],"version-history":[{"count":4,"href":"https:\/\/sentiernaturemontmelas.fr\/index.php\/wp-json\/wp\/v2\/posts\/1381\/revisions"}],"predecessor-version":[{"id":1424,"href":"https:\/\/sentiernaturemontmelas.fr\/index.php\/wp-json\/wp\/v2\/posts\/1381\/revisions\/1424"}],"wp:attachment":[{"href":"https:\/\/sentiernaturemontmelas.fr\/index.php\/wp-json\/wp\/v2\/media?parent=1381"}],"wp:term":[{"taxonomy":"category","embeddable":true,"href":"https:\/\/sentiernaturemontmelas.fr\/index.php\/wp-json\/wp\/v2\/categories?post=1381"},{"taxonomy":"post_tag","embeddable":true,"href":"https:\/\/sentiernaturemontmelas.fr\/index.php\/wp-json\/wp\/v2\/tags?post=1381"}],"curies":[{"name":"wp","href":"https:\/\/api.w.org\/{rel}","templated":true}]}}