{"id":1383,"date":"2021-05-07T14:49:06","date_gmt":"2021-05-07T12:49:06","guid":{"rendered":"http:\/\/sentiernaturemontmelas.fr\/?p=1383"},"modified":"2021-05-07T14:49:06","modified_gmt":"2021-05-07T12:49:06","slug":"la-classe-de-cycle-2-a-la-mare","status":"publish","type":"post","link":"https:\/\/sentiernaturemontmelas.fr\/index.php\/2021\/05\/07\/la-classe-de-cycle-2-a-la-mare\/","title":{"rendered":"La classe de cycle 2 \u00e0 la mare."},"content":{"rendered":"\n<figure class=\"wp-block-gallery columns-1 is-cropped wp-block-gallery-1 is-layout-flex wp-block-gallery-is-layout-flex\"><ul class=\"blocks-gallery-grid\"><li class=\"blocks-gallery-item\"><figure><img loading=\"lazy\" decoding=\"async\" width=\"1024\" height=\"768\" src=\"http:\/\/sentiernaturemontmelas.fr\/wp-content\/uploads\/2021\/05\/IMG_9081-1024x768.jpg\" alt=\"\" data-id=\"1361\" data-full-url=\"http:\/\/sentiernaturemontmelas.fr\/wp-content\/uploads\/2021\/05\/IMG_9081-scaled.jpg\" data-link=\"http:\/\/sentiernaturemontmelas.fr\/index.php\/2021\/05\/05\/une-visite-passionnante-de-la-mare\/img_9081\/\" class=\"wp-image-1361\" srcset=\"https:\/\/sentiernaturemontmelas.fr\/wp-content\/uploads\/2021\/05\/IMG_9081-1024x768.jpg 1024w, https:\/\/sentiernaturemontmelas.fr\/wp-content\/uploads\/2021\/05\/IMG_9081-300x225.jpg 300w, https:\/\/sentiernaturemontmelas.fr\/wp-content\/uploads\/2021\/05\/IMG_9081-768x576.jpg 768w, https:\/\/sentiernaturemontmelas.fr\/wp-content\/uploads\/2021\/05\/IMG_9081-1536x1152.jpg 1536w, https:\/\/sentiernaturemontmelas.fr\/wp-content\/uploads\/2021\/05\/IMG_9081-2048x1536.jpg 2048w\" sizes=\"(max-width: 706px) 89vw, (max-width: 767px) 82vw, 740px\" \/><\/figure><\/li><\/ul><\/figure>\n\n\n\n<p>bonjour !<\/p>\n\n\n\n<p>nous sommes des enfants de la classe de cycle 2 <\/p>\n\n\n\n<p>dans l&rsquo;\u00e9cole de Montmelas. Mardi nous sommes all\u00e9s \u00e0 la mare du sentier nature et nous avons vu des animaux qui habitent dans la mare. C&rsquo;est un monsieur qui s&rsquo;appelle Fabien qui nous a tout expliqu\u00e9. Nous avons vu un t\u00e9tard de crapaud accoucheur, un petit de salamandre et des tritons. <\/p>\n\n\n\n<p>Voil\u00e0 l&rsquo;affiche que nous avons faite dans la classe pour nous rappeler de tout ! Vous pouvez lire  tout ce qu&rsquo;on a appris&#8230;<\/p>\n\n\n\n<p>Gabrielle, Cassandra et Mathilde<\/p>\n\n\n\n<p><\/p>\n\n\n\n<p><\/p>\n","protected":false},"excerpt":{"rendered":"<p>bonjour ! nous sommes des enfants de la classe de cycle 2 dans l&rsquo;\u00e9cole de Montmelas. Mardi nous sommes all\u00e9s \u00e0 la mare du sentier nature et nous avons vu des animaux qui habitent dans la mare. C&rsquo;est un monsieur qui s&rsquo;appelle Fabien qui nous a tout expliqu\u00e9. Nous avons vu un t\u00e9tard de crapaud &hellip; <\/p>\n<p class=\"link-more\"><a href=\"https:\/\/sentiernaturemontmelas.fr\/index.php\/2021\/05\/07\/la-classe-de-cycle-2-a-la-mare\/\" class=\"more-link\">Continuer la lecture<span class=\"screen-reader-text\"> de &laquo;&nbsp;La classe de cycle 2 \u00e0 la mare.&nbsp;&raquo;<\/span><\/a><\/p>\n","protected":false},"author":3,"featured_media":0,"comment_status":"open","ping_status":"open","sticky":false,"template":"","format":"standard","meta":{"footnotes":""},"categories":[1],"tags":[],"_links":{"self":[{"href":"https:\/\/sentiernaturemontmelas.fr\/index.php\/wp-json\/wp\/v2\/posts\/1383"}],"collection":[{"href":"https:\/\/sentiernaturemontmelas.fr\/index.php\/wp-json\/wp\/v2\/posts"}],"about":[{"href":"https:\/\/sentiernaturemontmelas.fr\/index.php\/wp-json\/wp\/v2\/types\/post"}],"author":[{"embeddable":true,"href":"https:\/\/sentiernaturemontmelas.fr\/index.php\/wp-json\/wp\/v2\/users\/3"}],"replies":[{"embeddable":true,"href":"https:\/\/sentiernaturemontmelas.fr\/index.php\/wp-json\/wp\/v2\/comments?post=1383"}],"version-history":[{"count":1,"href":"https:\/\/sentiernaturemontmelas.fr\/index.php\/wp-json\/wp\/v2\/posts\/1383\/revisions"}],"predecessor-version":[{"id":1384,"href":"https:\/\/sentiernaturemontmelas.fr\/index.php\/wp-json\/wp\/v2\/posts\/1383\/revisions\/1384"}],"wp:attachment":[{"href":"https:\/\/sentiernaturemontmelas.fr\/index.php\/wp-json\/wp\/v2\/media?parent=1383"}],"wp:term":[{"taxonomy":"category","embeddable":true,"href":"https:\/\/sentiernaturemontmelas.fr\/index.php\/wp-json\/wp\/v2\/categories?post=1383"},{"taxonomy":"post_tag","embeddable":true,"href":"https:\/\/sentiernaturemontmelas.fr\/index.php\/wp-json\/wp\/v2\/tags?post=1383"}],"curies":[{"name":"wp","href":"https:\/\/api.w.org\/{rel}","templated":true}]}}