{"id":1391,"date":"2021-05-18T09:34:12","date_gmt":"2021-05-18T07:34:12","guid":{"rendered":"http:\/\/sentiernaturemontmelas.fr\/?p=1391"},"modified":"2021-05-18T09:34:12","modified_gmt":"2021-05-18T07:34:12","slug":"la-reparation-du-sentier","status":"publish","type":"post","link":"https:\/\/sentiernaturemontmelas.fr\/index.php\/2021\/05\/18\/la-reparation-du-sentier\/","title":{"rendered":"La r\u00e9paration du sentier&#8230;"},"content":{"rendered":"\n<p>Vendredi 8 mai, nous (Nolan et Cl\u00e9ment) sommes all\u00e9s sur le sentier nature. Nous avons remis l\u2019h\u00f4tel \u00e0 insecte.<\/p>\n\n\n\n<figure class=\"wp-block-image size-large\"><img loading=\"lazy\" decoding=\"async\" width=\"1024\" height=\"768\" src=\"http:\/\/sentiernaturemontmelas.fr\/wp-content\/uploads\/2021\/05\/IMG_9181-1024x768.jpg\" alt=\"\" class=\"wp-image-1450\" srcset=\"https:\/\/sentiernaturemontmelas.fr\/wp-content\/uploads\/2021\/05\/IMG_9181-1024x768.jpg 1024w, https:\/\/sentiernaturemontmelas.fr\/wp-content\/uploads\/2021\/05\/IMG_9181-300x225.jpg 300w, https:\/\/sentiernaturemontmelas.fr\/wp-content\/uploads\/2021\/05\/IMG_9181-768x576.jpg 768w, https:\/\/sentiernaturemontmelas.fr\/wp-content\/uploads\/2021\/05\/IMG_9181-1536x1152.jpg 1536w, https:\/\/sentiernaturemontmelas.fr\/wp-content\/uploads\/2021\/05\/IMG_9181-2048x1536.jpg 2048w\" sizes=\"(max-width: 706px) 89vw, (max-width: 767px) 82vw, 740px\" \/><\/figure>\n\n\n\n<p>Nous avons enlev\u00e9 les piquets du parcours g\u00e9ologique pour les remplacer par d&rsquo;autres.  Nous avons reclou\u00e9 les panneaux du parcours conte. On a aussi accroch\u00e9 les panneaux  qui  \u00e9taient tomb\u00e9s, on a du monter dans les arbres !!!<\/p>\n\n\n\n<figure class=\"wp-block-image size-large is-resized\"><img loading=\"lazy\" decoding=\"async\" src=\"http:\/\/sentiernaturemontmelas.fr\/wp-content\/uploads\/2021\/05\/IMG_9168-768x1024.jpg\" alt=\"\" class=\"wp-image-1451\" width=\"349\" height=\"465\" srcset=\"https:\/\/sentiernaturemontmelas.fr\/wp-content\/uploads\/2021\/05\/IMG_9168-768x1024.jpg 768w, https:\/\/sentiernaturemontmelas.fr\/wp-content\/uploads\/2021\/05\/IMG_9168-225x300.jpg 225w, https:\/\/sentiernaturemontmelas.fr\/wp-content\/uploads\/2021\/05\/IMG_9168-1152x1536.jpg 1152w, https:\/\/sentiernaturemontmelas.fr\/wp-content\/uploads\/2021\/05\/IMG_9168-1536x2048.jpg 1536w, https:\/\/sentiernaturemontmelas.fr\/wp-content\/uploads\/2021\/05\/IMG_9168-scaled.jpg 1920w\" sizes=\"(max-width: 349px) 100vw, 349px\" \/><\/figure>\n\n\n\n<p>                        On a aussi cherch\u00e9 des galets, on en a trouv\u00e9 deux ou trois&#8230; <\/p>\n\n\n\n<figure class=\"wp-block-image size-large\"><img loading=\"lazy\" decoding=\"async\" width=\"1024\" height=\"768\" src=\"http:\/\/sentiernaturemontmelas.fr\/wp-content\/uploads\/2021\/05\/IMG_9180-1024x768.jpg\" alt=\"\" class=\"wp-image-1454\" srcset=\"https:\/\/sentiernaturemontmelas.fr\/wp-content\/uploads\/2021\/05\/IMG_9180-1024x768.jpg 1024w, https:\/\/sentiernaturemontmelas.fr\/wp-content\/uploads\/2021\/05\/IMG_9180-300x225.jpg 300w, https:\/\/sentiernaturemontmelas.fr\/wp-content\/uploads\/2021\/05\/IMG_9180-768x576.jpg 768w, https:\/\/sentiernaturemontmelas.fr\/wp-content\/uploads\/2021\/05\/IMG_9180-1536x1152.jpg 1536w, https:\/\/sentiernaturemontmelas.fr\/wp-content\/uploads\/2021\/05\/IMG_9180-2048x1536.jpg 2048w\" sizes=\"(max-width: 706px) 89vw, (max-width: 767px) 82vw, 740px\" \/><\/figure>\n\n\n\n<p><\/p>\n\n\n\n<p> <\/p>\n\n\n\n<p>  Nolan et Cl\u00e9ment \ud83d\ude09 <\/p>\n","protected":false},"excerpt":{"rendered":"<p>Vendredi 8 mai, nous (Nolan et Cl\u00e9ment) sommes all\u00e9s sur le sentier nature. Nous avons remis l\u2019h\u00f4tel \u00e0 insecte. Nous avons enlev\u00e9 les piquets du parcours g\u00e9ologique pour les remplacer par d&rsquo;autres. Nous avons reclou\u00e9 les panneaux du parcours conte. On a aussi accroch\u00e9 les panneaux qui \u00e9taient tomb\u00e9s, on a du monter dans les &hellip; <\/p>\n<p class=\"link-more\"><a href=\"https:\/\/sentiernaturemontmelas.fr\/index.php\/2021\/05\/18\/la-reparation-du-sentier\/\" class=\"more-link\">Continuer la lecture<span class=\"screen-reader-text\"> de &laquo;&nbsp;La r\u00e9paration du sentier&#8230;&nbsp;&raquo;<\/span><\/a><\/p>\n","protected":false},"author":3,"featured_media":0,"comment_status":"open","ping_status":"open","sticky":false,"template":"","format":"standard","meta":{"footnotes":""},"categories":[1],"tags":[],"_links":{"self":[{"href":"https:\/\/sentiernaturemontmelas.fr\/index.php\/wp-json\/wp\/v2\/posts\/1391"}],"collection":[{"href":"https:\/\/sentiernaturemontmelas.fr\/index.php\/wp-json\/wp\/v2\/posts"}],"about":[{"href":"https:\/\/sentiernaturemontmelas.fr\/index.php\/wp-json\/wp\/v2\/types\/post"}],"author":[{"embeddable":true,"href":"https:\/\/sentiernaturemontmelas.fr\/index.php\/wp-json\/wp\/v2\/users\/3"}],"replies":[{"embeddable":true,"href":"https:\/\/sentiernaturemontmelas.fr\/index.php\/wp-json\/wp\/v2\/comments?post=1391"}],"version-history":[{"count":9,"href":"https:\/\/sentiernaturemontmelas.fr\/index.php\/wp-json\/wp\/v2\/posts\/1391\/revisions"}],"predecessor-version":[{"id":1457,"href":"https:\/\/sentiernaturemontmelas.fr\/index.php\/wp-json\/wp\/v2\/posts\/1391\/revisions\/1457"}],"wp:attachment":[{"href":"https:\/\/sentiernaturemontmelas.fr\/index.php\/wp-json\/wp\/v2\/media?parent=1391"}],"wp:term":[{"taxonomy":"category","embeddable":true,"href":"https:\/\/sentiernaturemontmelas.fr\/index.php\/wp-json\/wp\/v2\/categories?post=1391"},{"taxonomy":"post_tag","embeddable":true,"href":"https:\/\/sentiernaturemontmelas.fr\/index.php\/wp-json\/wp\/v2\/tags?post=1391"}],"curies":[{"name":"wp","href":"https:\/\/api.w.org\/{rel}","templated":true}]}}