{"id":14,"date":"2019-05-21T09:07:00","date_gmt":"2019-05-21T07:07:00","guid":{"rendered":""},"modified":"2019-10-15T16:27:34","modified_gmt":"2019-10-15T14:27:34","slug":"14","status":"publish","type":"post","link":"https:\/\/sentiernaturemontmelas.fr\/index.php\/2019\/05\/21\/14\/","title":{"rendered":""},"content":{"rendered":"<div><span style=\"font-size: 18.0pt; line-height: 115%;\">Dans l\u2019apr\u00e8s midi du Mercredi 15 Mai, nous sommes all\u00e9s dans les studios de Radio Calade. Quand nous sommes arriv\u00e9s, on s\u2019est assis autour d\u2019une table et le responsable nous a expliqu\u00e9 l\u2019histoire de la radio. Apr\u00e8s, nous avons visit\u00e9 les studios, en particulier le studio o\u00f9 4 \u00e9l\u00e8ves de notre classe allaient parler en direct. Pendant qu\u2019ils se pr\u00e9paraient,&nbsp; 3 autres \u00e9l\u00e8ves dont moi, &nbsp;sont partis faire la bande annonce de l\u2019\u00e9mission.&nbsp; <o:p><\/o:p><\/span><\/div>\n<div><\/div>\n<div><\/div>\n<div><span style=\"font-size: 18.0pt; line-height: 115%;\">Mon avis&nbsp;: Je trouve que c\u2019est une chance de parler en direct \u00e0 une radio et j\u2019ai bien aim\u00e9 faire la bande annonce.<o:p><\/o:p><\/span><\/div>\n<div><\/div>\n<p><span style=\"font-family: &quot;calibri&quot; , &quot;sans-serif&quot;; font-size: 18.0pt; line-height: 115%;\">Lysia&nbsp;: J\u2019ai bien aim\u00e9 parler \u00e0 la radio, au d\u00e9but cela a \u00e9t\u00e9 difficile<\/span><\/p>\n<div style=\"clear: both; text-align: center;\"><a href=\"http:\/\/sentiernaturemontmelas.fr\/wp-content\/uploads\/2019\/05\/Ecole_Montmelas-radio-calade-11-1024x710.jpg\" style=\"margin-left: 1em; margin-right: 1em;\"><img loading=\"lazy\" decoding=\"async\" border=\"0\" data-original-height=\"710\" data-original-width=\"1024\" height=\"221\" src=\"http:\/\/sentiernaturemontmelas.fr\/wp-content\/uploads\/2019\/05\/Ecole_Montmelas-radio-calade-11-1024x710-300x208.jpg\" width=\"320\" \/><\/a><\/div>\n","protected":false},"excerpt":{"rendered":"<p>Dans l\u2019apr\u00e8s midi du Mercredi 15 Mai, nous sommes all\u00e9s dans les studios de Radio Calade. Quand nous sommes arriv\u00e9s, on s\u2019est assis autour d\u2019une table et le responsable nous a expliqu\u00e9 l\u2019histoire de la radio. Apr\u00e8s, nous avons visit\u00e9 les studios, en particulier le studio o\u00f9 4 \u00e9l\u00e8ves de notre classe allaient parler en &hellip; <\/p>\n<p class=\"link-more\"><a href=\"https:\/\/sentiernaturemontmelas.fr\/index.php\/2019\/05\/21\/14\/\" class=\"more-link\">Continuer la lecture<span class=\"screen-reader-text\"> de &laquo;&nbsp;&nbsp;&raquo;<\/span><\/a><\/p>\n","protected":false},"author":2,"featured_media":85,"comment_status":"open","ping_status":"open","sticky":false,"template":"","format":"standard","meta":{"footnotes":""},"categories":[1],"tags":[],"_links":{"self":[{"href":"https:\/\/sentiernaturemontmelas.fr\/index.php\/wp-json\/wp\/v2\/posts\/14"}],"collection":[{"href":"https:\/\/sentiernaturemontmelas.fr\/index.php\/wp-json\/wp\/v2\/posts"}],"about":[{"href":"https:\/\/sentiernaturemontmelas.fr\/index.php\/wp-json\/wp\/v2\/types\/post"}],"author":[{"embeddable":true,"href":"https:\/\/sentiernaturemontmelas.fr\/index.php\/wp-json\/wp\/v2\/users\/2"}],"replies":[{"embeddable":true,"href":"https:\/\/sentiernaturemontmelas.fr\/index.php\/wp-json\/wp\/v2\/comments?post=14"}],"version-history":[{"count":1,"href":"https:\/\/sentiernaturemontmelas.fr\/index.php\/wp-json\/wp\/v2\/posts\/14\/revisions"}],"predecessor-version":[{"id":86,"href":"https:\/\/sentiernaturemontmelas.fr\/index.php\/wp-json\/wp\/v2\/posts\/14\/revisions\/86"}],"wp:featuredmedia":[{"embeddable":true,"href":"https:\/\/sentiernaturemontmelas.fr\/index.php\/wp-json\/wp\/v2\/media\/85"}],"wp:attachment":[{"href":"https:\/\/sentiernaturemontmelas.fr\/index.php\/wp-json\/wp\/v2\/media?parent=14"}],"wp:term":[{"taxonomy":"category","embeddable":true,"href":"https:\/\/sentiernaturemontmelas.fr\/index.php\/wp-json\/wp\/v2\/categories?post=14"},{"taxonomy":"post_tag","embeddable":true,"href":"https:\/\/sentiernaturemontmelas.fr\/index.php\/wp-json\/wp\/v2\/tags?post=14"}],"curies":[{"name":"wp","href":"https:\/\/api.w.org\/{rel}","templated":true}]}}