{"id":1464,"date":"2021-05-27T10:28:18","date_gmt":"2021-05-27T08:28:18","guid":{"rendered":"http:\/\/sentiernaturemontmelas.fr\/?p=1464"},"modified":"2021-06-06T22:39:06","modified_gmt":"2021-06-06T20:39:06","slug":"le-parcours-plante","status":"publish","type":"post","link":"https:\/\/sentiernaturemontmelas.fr\/index.php\/2021\/05\/27\/le-parcours-plante\/","title":{"rendered":"Le parcours plante"},"content":{"rendered":"\n<p>Mercredi 19 mai 2021,  nous sommes all\u00e9s au parcours plantes pour identifier des plantes qui avaient boug\u00e9es et  pour ramasser des fleurs et de la terre de diff\u00e9rentes couleurs.<\/p>\n\n\n\n<p> <\/p>\n\n\n\n<figure class=\"wp-block-image size-large\"><img loading=\"lazy\" decoding=\"async\" width=\"1297\" height=\"2560\" src=\"http:\/\/sentiernaturemontmelas.fr\/wp-content\/uploads\/2021\/05\/IMG_9299-edited-1-scaled.jpg\" alt=\"\" class=\"wp-image-1490\" srcset=\"https:\/\/sentiernaturemontmelas.fr\/wp-content\/uploads\/2021\/05\/IMG_9299-edited-1-scaled.jpg 1297w, https:\/\/sentiernaturemontmelas.fr\/wp-content\/uploads\/2021\/05\/IMG_9299-edited-1-152x300.jpg 152w, https:\/\/sentiernaturemontmelas.fr\/wp-content\/uploads\/2021\/05\/IMG_9299-edited-1-519x1024.jpg 519w, https:\/\/sentiernaturemontmelas.fr\/wp-content\/uploads\/2021\/05\/IMG_9299-edited-1-768x1516.jpg 768w, https:\/\/sentiernaturemontmelas.fr\/wp-content\/uploads\/2021\/05\/IMG_9299-edited-1-778x1536.jpg 778w, https:\/\/sentiernaturemontmelas.fr\/wp-content\/uploads\/2021\/05\/IMG_9299-edited-1-1038x2048.jpg 1038w\" sizes=\"(max-width: 706px) 89vw, (max-width: 767px) 82vw, 740px\" \/><\/figure>\n\n\n\n<p>Nous les avons ramass\u00e9 pour un projet en cours avec David Bartholom\u00e9o : ce projet de sismographie consiste  \u00e0 prendre les traces des animaux et des \u00e9l\u00e9ments naturels.<\/p>\n\n\n\n<figure class=\"wp-block-image size-large is-resized\"><img loading=\"lazy\" decoding=\"async\" src=\"http:\/\/sentiernaturemontmelas.fr\/wp-content\/uploads\/2021\/05\/IMG_9293-768x1024.jpg\" alt=\"\" class=\"wp-image-1484\" width=\"397\" height=\"529\" srcset=\"https:\/\/sentiernaturemontmelas.fr\/wp-content\/uploads\/2021\/05\/IMG_9293-768x1024.jpg 768w, https:\/\/sentiernaturemontmelas.fr\/wp-content\/uploads\/2021\/05\/IMG_9293-225x300.jpg 225w, https:\/\/sentiernaturemontmelas.fr\/wp-content\/uploads\/2021\/05\/IMG_9293-1152x1536.jpg 1152w, https:\/\/sentiernaturemontmelas.fr\/wp-content\/uploads\/2021\/05\/IMG_9293-1536x2048.jpg 1536w, https:\/\/sentiernaturemontmelas.fr\/wp-content\/uploads\/2021\/05\/IMG_9293-scaled.jpg 1920w\" sizes=\"(max-width: 397px) 100vw, 397px\" \/><figcaption>Nous avons crois\u00e9 une salamandre.<\/figcaption><\/figure>\n\n\n\n<p>Chaque bin\u00f4me  avait des bouchons avec \u00e9crit dessus le nom  de la plante. Rapidement, quand on trouvait une plante, on devait poser le bouchon correspondant. On le plantait \u00e0 cot\u00e9 de la  plante qui correspondait.<\/p>\n\n\n\n<figure class=\"wp-block-image size-large is-resized\"><img loading=\"lazy\" decoding=\"async\" src=\"http:\/\/sentiernaturemontmelas.fr\/wp-content\/uploads\/2021\/05\/IMG_9297-1024x1024.jpg\" alt=\"\" class=\"wp-image-1483\" width=\"432\" height=\"432\" srcset=\"https:\/\/sentiernaturemontmelas.fr\/wp-content\/uploads\/2021\/05\/IMG_9297-1024x1024.jpg 1024w, https:\/\/sentiernaturemontmelas.fr\/wp-content\/uploads\/2021\/05\/IMG_9297-300x300.jpg 300w, https:\/\/sentiernaturemontmelas.fr\/wp-content\/uploads\/2021\/05\/IMG_9297-150x150.jpg 150w, https:\/\/sentiernaturemontmelas.fr\/wp-content\/uploads\/2021\/05\/IMG_9297-768x768.jpg 768w, https:\/\/sentiernaturemontmelas.fr\/wp-content\/uploads\/2021\/05\/IMG_9297-1536x1536.jpg 1536w, https:\/\/sentiernaturemontmelas.fr\/wp-content\/uploads\/2021\/05\/IMG_9297-2048x2048.jpg 2048w, https:\/\/sentiernaturemontmelas.fr\/wp-content\/uploads\/2021\/05\/IMG_9297-100x100.jpg 100w\" sizes=\"(max-width: 432px) 100vw, 432px\" \/><\/figure>\n\n\n\n<p> J&rsquo;ai trouv\u00e9 que c&rsquo;\u00e9tait comme une chasse au tr\u00e9sor, on devait trouver le bon endroit pour poser le bouchon ! Victor<\/p>\n\n\n\n<p>Victor<\/p>\n\n\n\n<figure class=\"wp-block-gallery columns-3 is-cropped wp-block-gallery-1 is-layout-flex wp-block-gallery-is-layout-flex\"><ul class=\"blocks-gallery-grid\"><li class=\"blocks-gallery-item\"><figure><img decoding=\"async\" src=\"blob:http:\/\/sentiernaturemontmelas.fr\/c62b61b7-685b-475f-821c-98b07f39317a\" data-id=\"\"\/><\/figure><\/li><li class=\"blocks-gallery-item\"><figure><img decoding=\"async\" src=\"blob:http:\/\/sentiernaturemontmelas.fr\/920e2df9-f7e2-425d-8143-be74c57ba5be\" data-id=\"\"\/><\/figure><\/li><li class=\"blocks-gallery-item\"><figure><img decoding=\"async\" src=\"blob:http:\/\/sentiernaturemontmelas.fr\/0a93110d-3056-45a9-85d7-43df35f06f89\" data-id=\"\"\/><\/figure><\/li><\/ul><\/figure>\n\n\n\n<p><\/p>\n\n\n\n<p><\/p>\n\n\n\n<p><\/p>\n","protected":false},"excerpt":{"rendered":"<p>Mercredi 19 mai 2021, nous sommes all\u00e9s au parcours plantes pour identifier des plantes qui avaient boug\u00e9es et pour ramasser des fleurs et de la terre de diff\u00e9rentes couleurs. Nous les avons ramass\u00e9 pour un projet en cours avec David Bartholom\u00e9o : ce projet de sismographie consiste \u00e0 prendre les traces des animaux et des &hellip; <\/p>\n<p class=\"link-more\"><a href=\"https:\/\/sentiernaturemontmelas.fr\/index.php\/2021\/05\/27\/le-parcours-plante\/\" class=\"more-link\">Continuer la lecture<span class=\"screen-reader-text\"> de &laquo;&nbsp;Le parcours plante&nbsp;&raquo;<\/span><\/a><\/p>\n","protected":false},"author":3,"featured_media":0,"comment_status":"open","ping_status":"open","sticky":false,"template":"","format":"standard","meta":{"footnotes":""},"categories":[1],"tags":[],"_links":{"self":[{"href":"https:\/\/sentiernaturemontmelas.fr\/index.php\/wp-json\/wp\/v2\/posts\/1464"}],"collection":[{"href":"https:\/\/sentiernaturemontmelas.fr\/index.php\/wp-json\/wp\/v2\/posts"}],"about":[{"href":"https:\/\/sentiernaturemontmelas.fr\/index.php\/wp-json\/wp\/v2\/types\/post"}],"author":[{"embeddable":true,"href":"https:\/\/sentiernaturemontmelas.fr\/index.php\/wp-json\/wp\/v2\/users\/3"}],"replies":[{"embeddable":true,"href":"https:\/\/sentiernaturemontmelas.fr\/index.php\/wp-json\/wp\/v2\/comments?post=1464"}],"version-history":[{"count":7,"href":"https:\/\/sentiernaturemontmelas.fr\/index.php\/wp-json\/wp\/v2\/posts\/1464\/revisions"}],"predecessor-version":[{"id":1514,"href":"https:\/\/sentiernaturemontmelas.fr\/index.php\/wp-json\/wp\/v2\/posts\/1464\/revisions\/1514"}],"wp:attachment":[{"href":"https:\/\/sentiernaturemontmelas.fr\/index.php\/wp-json\/wp\/v2\/media?parent=1464"}],"wp:term":[{"taxonomy":"category","embeddable":true,"href":"https:\/\/sentiernaturemontmelas.fr\/index.php\/wp-json\/wp\/v2\/categories?post=1464"},{"taxonomy":"post_tag","embeddable":true,"href":"https:\/\/sentiernaturemontmelas.fr\/index.php\/wp-json\/wp\/v2\/tags?post=1464"}],"curies":[{"name":"wp","href":"https:\/\/api.w.org\/{rel}","templated":true}]}}