{"id":1520,"date":"2021-06-10T10:50:47","date_gmt":"2021-06-10T08:50:47","guid":{"rendered":"http:\/\/sentiernaturemontmelas.fr\/?p=1520"},"modified":"2021-06-18T12:19:36","modified_gmt":"2021-06-18T10:19:36","slug":"la-sismographie","status":"publish","type":"post","link":"https:\/\/sentiernaturemontmelas.fr\/index.php\/2021\/06\/10\/la-sismographie\/","title":{"rendered":"La sismographie"},"content":{"rendered":"\n<p><\/p>\n\n\n\n<p><\/p>\n\n\n\n<p><\/p>\n\n\n\n<p><\/p>\n\n\n\n<p><\/p>\n\n\n\n<p><\/p>\n\n\n\n<p>Vendredi 4 Juin, nous sommes all\u00e9s sur le sentier nature , pour d\u00e9poser les plaques de sismographie avec David Bartholomeo. Les enfants devaient choisir des emplacements pour leurs plaques. En revenant il y avait de la pluie qui nous tombait dessus !  C&rsquo;\u00e9tait tr\u00e8s chouette parce que cela nous rafra\u00eechissait. Vers le conte de Cendrillon, nous avons d\u00e9couvert le c\u0153ur de galets r\u00e9alis\u00e9 par la classe de cycle  2. <\/p>\n\n\n\n<p>Gabriel et Cl\u00e9ment ont couru jusqu&rsquo;\u00e0 la mare pour v\u00e9rifier qu&rsquo;une tuile orientait les visiteurs vers le c\u0153ur de galets.<\/p>\n\n\n\n<figure class=\"wp-block-image size-large\"><img loading=\"lazy\" decoding=\"async\" width=\"1024\" height=\"768\" src=\"http:\/\/sentiernaturemontmelas.fr\/wp-content\/uploads\/2021\/06\/IMG_9453-1024x768.jpg\" alt=\"\" class=\"wp-image-1541\" srcset=\"https:\/\/sentiernaturemontmelas.fr\/wp-content\/uploads\/2021\/06\/IMG_9453-1024x768.jpg 1024w, https:\/\/sentiernaturemontmelas.fr\/wp-content\/uploads\/2021\/06\/IMG_9453-300x225.jpg 300w, https:\/\/sentiernaturemontmelas.fr\/wp-content\/uploads\/2021\/06\/IMG_9453-768x576.jpg 768w, https:\/\/sentiernaturemontmelas.fr\/wp-content\/uploads\/2021\/06\/IMG_9453-1536x1152.jpg 1536w, https:\/\/sentiernaturemontmelas.fr\/wp-content\/uploads\/2021\/06\/IMG_9453-2048x1536.jpg 2048w\" sizes=\"(max-width: 706px) 89vw, (max-width: 767px) 82vw, 740px\" \/><\/figure>\n\n\n\n<p>Roman et Daniel<\/p>\n","protected":false},"excerpt":{"rendered":"<p>Vendredi 4 Juin, nous sommes all\u00e9s sur le sentier nature , pour d\u00e9poser les plaques de sismographie avec David Bartholomeo. Les enfants devaient choisir des emplacements pour leurs plaques. En revenant il y avait de la pluie qui nous tombait dessus ! C&rsquo;\u00e9tait tr\u00e8s chouette parce que cela nous rafra\u00eechissait. Vers le conte de Cendrillon, &hellip; <\/p>\n<p class=\"link-more\"><a href=\"https:\/\/sentiernaturemontmelas.fr\/index.php\/2021\/06\/10\/la-sismographie\/\" class=\"more-link\">Continuer la lecture<span class=\"screen-reader-text\"> de &laquo;&nbsp;La sismographie&nbsp;&raquo;<\/span><\/a><\/p>\n","protected":false},"author":3,"featured_media":0,"comment_status":"open","ping_status":"open","sticky":false,"template":"","format":"standard","meta":{"footnotes":""},"categories":[1],"tags":[],"_links":{"self":[{"href":"https:\/\/sentiernaturemontmelas.fr\/index.php\/wp-json\/wp\/v2\/posts\/1520"}],"collection":[{"href":"https:\/\/sentiernaturemontmelas.fr\/index.php\/wp-json\/wp\/v2\/posts"}],"about":[{"href":"https:\/\/sentiernaturemontmelas.fr\/index.php\/wp-json\/wp\/v2\/types\/post"}],"author":[{"embeddable":true,"href":"https:\/\/sentiernaturemontmelas.fr\/index.php\/wp-json\/wp\/v2\/users\/3"}],"replies":[{"embeddable":true,"href":"https:\/\/sentiernaturemontmelas.fr\/index.php\/wp-json\/wp\/v2\/comments?post=1520"}],"version-history":[{"count":4,"href":"https:\/\/sentiernaturemontmelas.fr\/index.php\/wp-json\/wp\/v2\/posts\/1520\/revisions"}],"predecessor-version":[{"id":1545,"href":"https:\/\/sentiernaturemontmelas.fr\/index.php\/wp-json\/wp\/v2\/posts\/1520\/revisions\/1545"}],"wp:attachment":[{"href":"https:\/\/sentiernaturemontmelas.fr\/index.php\/wp-json\/wp\/v2\/media?parent=1520"}],"wp:term":[{"taxonomy":"category","embeddable":true,"href":"https:\/\/sentiernaturemontmelas.fr\/index.php\/wp-json\/wp\/v2\/categories?post=1520"},{"taxonomy":"post_tag","embeddable":true,"href":"https:\/\/sentiernaturemontmelas.fr\/index.php\/wp-json\/wp\/v2\/tags?post=1520"}],"curies":[{"name":"wp","href":"https:\/\/api.w.org\/{rel}","templated":true}]}}