{"id":16,"date":"2019-05-17T18:03:00","date_gmt":"2019-05-17T16:03:00","guid":{"rendered":""},"modified":"2019-10-15T16:27:35","modified_gmt":"2019-10-15T14:27:35","slug":"matinee-de-travaux-sur-le-sentier","status":"publish","type":"post","link":"https:\/\/sentiernaturemontmelas.fr\/index.php\/2019\/05\/17\/matinee-de-travaux-sur-le-sentier\/","title":{"rendered":"matin\u00e9e de travaux sur le sentier!"},"content":{"rendered":"<div align=\"center\" style=\"text-align: center;\"><\/div>\n<div style=\"text-align: justify; text-justify: inter-ideograph;\"><b><span style=\"font-family: &quot;times new roman&quot; , &quot;serif&quot;; font-size: 20pt; line-height: 30.6667px;\">Le samedi 4 mai, nous avons fait 3 groupes pour travailler sur le sentier nature. Un groupe s\u2019occupait de faire un petit escalier en direction du parcours des plantes, un autre groupe mettait les fl\u00e8ches en direction du parcours plantes et les fl\u00e8ches en direction des parcours o\u00f9 il manquait des fl\u00e8ches. Le dernier groupe s\u2019occupait d\u2019installer les plaques en poteries dont le nom des plantes \u00e9tait marqu\u00e9 dessus.<o:p><\/o:p><\/span><\/b><\/div>\n<div><b><span style=\"font-family: &quot;times new roman&quot; , &quot;serif&quot;; font-size: 20pt; line-height: 30.6667px;\">Nous inaugurerons le parcours des plantes le 25 mai de 16h \u00e0 18h. Soyer nombreux \u00e0 venir.<o:p><\/o:p><\/span><\/b><\/div>\n<div><b><span style=\"font-family: &quot;times new roman&quot; , &quot;serif&quot;; font-size: 20pt; line-height: 30.6667px;\"><br \/><\/span><\/b><\/div>\n<p><\/p>\n<div><b><span style=\"font-family: &quot;times new roman&quot; , &quot;serif&quot;; font-size: 20pt; line-height: 30.6667px;\">Ilian et Ambre<\/span><\/b><\/p>\n<div><b><span style=\"font-family: &quot;times new roman&quot; , &quot;serif&quot;; font-size: 20pt; line-height: 30.6667px;\"><br \/><\/span><\/b><\/div>\n<\/div>\n","protected":false},"excerpt":{"rendered":"<p>Le samedi 4 mai, nous avons fait 3 groupes pour travailler sur le sentier nature. Un groupe s\u2019occupait de faire un petit escalier en direction du parcours des plantes, un autre groupe mettait les fl\u00e8ches en direction du parcours plantes et les fl\u00e8ches en direction des parcours o\u00f9 il manquait des fl\u00e8ches. Le dernier groupe &hellip; <\/p>\n<p class=\"link-more\"><a href=\"https:\/\/sentiernaturemontmelas.fr\/index.php\/2019\/05\/17\/matinee-de-travaux-sur-le-sentier\/\" class=\"more-link\">Continuer la lecture<span class=\"screen-reader-text\"> de &laquo;&nbsp;matin\u00e9e de travaux sur le sentier!&nbsp;&raquo;<\/span><\/a><\/p>\n","protected":false},"author":2,"featured_media":0,"comment_status":"open","ping_status":"open","sticky":false,"template":"","format":"standard","meta":{"footnotes":""},"categories":[1],"tags":[],"_links":{"self":[{"href":"https:\/\/sentiernaturemontmelas.fr\/index.php\/wp-json\/wp\/v2\/posts\/16"}],"collection":[{"href":"https:\/\/sentiernaturemontmelas.fr\/index.php\/wp-json\/wp\/v2\/posts"}],"about":[{"href":"https:\/\/sentiernaturemontmelas.fr\/index.php\/wp-json\/wp\/v2\/types\/post"}],"author":[{"embeddable":true,"href":"https:\/\/sentiernaturemontmelas.fr\/index.php\/wp-json\/wp\/v2\/users\/2"}],"replies":[{"embeddable":true,"href":"https:\/\/sentiernaturemontmelas.fr\/index.php\/wp-json\/wp\/v2\/comments?post=16"}],"version-history":[{"count":1,"href":"https:\/\/sentiernaturemontmelas.fr\/index.php\/wp-json\/wp\/v2\/posts\/16\/revisions"}],"predecessor-version":[{"id":91,"href":"https:\/\/sentiernaturemontmelas.fr\/index.php\/wp-json\/wp\/v2\/posts\/16\/revisions\/91"}],"wp:attachment":[{"href":"https:\/\/sentiernaturemontmelas.fr\/index.php\/wp-json\/wp\/v2\/media?parent=16"}],"wp:term":[{"taxonomy":"category","embeddable":true,"href":"https:\/\/sentiernaturemontmelas.fr\/index.php\/wp-json\/wp\/v2\/categories?post=16"},{"taxonomy":"post_tag","embeddable":true,"href":"https:\/\/sentiernaturemontmelas.fr\/index.php\/wp-json\/wp\/v2\/tags?post=16"}],"curies":[{"name":"wp","href":"https:\/\/api.w.org\/{rel}","templated":true}]}}