{"id":17,"date":"2019-04-01T10:37:00","date_gmt":"2019-04-01T08:37:00","guid":{"rendered":""},"modified":"2019-10-15T16:27:36","modified_gmt":"2019-10-15T14:27:36","slug":"17","status":"publish","type":"post","link":"https:\/\/sentiernaturemontmelas.fr\/index.php\/2019\/04\/01\/17\/","title":{"rendered":""},"content":{"rendered":"<div align=\"center\" style=\"text-align: center;\"><b><u><span style=\"font-family: &quot;Agency FB&quot;,&quot;sans-serif&quot;; font-size: 36.0pt; line-height: 115%; mso-bidi-font-family: Andalus;\">Sentier nature<o:p><\/o:p><\/span><\/u><\/b><\/div>\n<div align=\"center\" style=\"text-align: center;\"><b><u><span style=\"font-family: &quot;Agency FB&quot;,&quot;sans-serif&quot;; font-size: 36.0pt; line-height: 115%; mso-bidi-font-family: Andalus;\"><br \/><\/span><\/u><\/b><\/div>\n<div><span style=\"font-size: 14pt; line-height: 115%;\">Mardi 19 mars, la classe de cycle 3 \u00e9tait sur le sentier. On a regard\u00e9 les plantes et on a v\u00e9rifi\u00e9 si les bouchons de li\u00e8ge \u00e9taient toujours \u00e0 leur place, on a remis&nbsp; des bouchons qui ne tenaient pas et qui \u00e9taient vieux, quelques \u00e9l\u00e8ves ont remis le soir les bouchons qui n\u2019\u00e9taient plus \u00e0 c\u00f4t\u00e9 de leurs plantes. Ensuite, en revenant \u00e0 l\u2019\u00e9cole, on a couru sur le sentier pour nous&nbsp;<\/span><span style=\"font-size: 18.6667px; line-height: 21.4667px;\">entra\u00eener<\/span><span style=\"font-size: 14pt; line-height: 115%; text-align: center;\">&nbsp;pour le cross, qui aura lieu le Mardi 26 mars. Apr\u00e8s on va&nbsp;remplacer les bouchons de li\u00e8ge par de la poterie o\u00f9 l\u2019on&nbsp; marquera&nbsp; le nom des plantes. Avec un crayon on fera une trace, pour ins\u00e9rer une tige de fer et ensuite on la plantera dans la terre. Voil\u00e0 notre aventure !!!! &nbsp;&nbsp;<\/span><\/div>\n<p><\/p>\n<div><span style=\"font-size: 14.0pt; line-height: 115%; mso-bidi-font-family: Andalus;\">&nbsp;&nbsp;&nbsp;&nbsp;&nbsp;&nbsp;&nbsp;&nbsp;&nbsp;&nbsp;&nbsp;&nbsp;&nbsp;&nbsp;&nbsp;&nbsp;&nbsp;&nbsp;&nbsp;&nbsp;&nbsp;&nbsp;&nbsp;&nbsp;&nbsp;&nbsp;&nbsp;&nbsp;&nbsp;&nbsp;&nbsp;&nbsp;&nbsp;&nbsp;&nbsp;&nbsp;&nbsp;&nbsp;&nbsp;&nbsp;&nbsp;&nbsp;&nbsp;&nbsp;&nbsp;&nbsp;&nbsp;&nbsp;&nbsp;&nbsp;&nbsp;&nbsp;&nbsp;&nbsp;&nbsp;&nbsp;&nbsp;&nbsp;&nbsp;&nbsp;&nbsp;&nbsp;&nbsp;&nbsp;&nbsp;&nbsp;&nbsp;&nbsp;&nbsp;&nbsp; <b>&nbsp;Angelina-Rose<o:p><\/o:p><\/b><\/span><\/div>\n<div><span style=\"font-size: 14.0pt; line-height: 115%; mso-bidi-font-family: Andalus;\"><b><br \/><\/b><\/span><\/div>\n<div style=\"clear: both; text-align: center;\"><\/div>\n<p><\/p>\n<div style=\"clear: both; text-align: center;\"><a href=\"http:\/\/sentiernaturemontmelas.fr\/wp-content\/uploads\/2019\/04\/003.jpg\" style=\"margin-left: 1em; margin-right: 1em;\"><img loading=\"lazy\" decoding=\"async\" border=\"0\" data-original-height=\"1200\" data-original-width=\"1600\" height=\"240\" src=\"http:\/\/sentiernaturemontmelas.fr\/wp-content\/uploads\/2019\/04\/003-300x225.jpg\" width=\"320\" \/><\/a><\/div>\n<div><span style=\"font-size: 14.0pt; line-height: 115%; mso-bidi-font-family: Andalus;\"><b><br \/><\/b><\/span><\/div>\n","protected":false},"excerpt":{"rendered":"<p>Sentier nature Mardi 19 mars, la classe de cycle 3 \u00e9tait sur le sentier. On a regard\u00e9 les plantes et on a v\u00e9rifi\u00e9 si les bouchons de li\u00e8ge \u00e9taient toujours \u00e0 leur place, on a remis&nbsp; des bouchons qui ne tenaient pas et qui \u00e9taient vieux, quelques \u00e9l\u00e8ves ont remis le soir les bouchons qui &hellip; <\/p>\n<p class=\"link-more\"><a href=\"https:\/\/sentiernaturemontmelas.fr\/index.php\/2019\/04\/01\/17\/\" class=\"more-link\">Continuer la lecture<span class=\"screen-reader-text\"> de &laquo;&nbsp;&nbsp;&raquo;<\/span><\/a><\/p>\n","protected":false},"author":2,"featured_media":92,"comment_status":"open","ping_status":"open","sticky":false,"template":"","format":"standard","meta":{"footnotes":""},"categories":[1],"tags":[],"_links":{"self":[{"href":"https:\/\/sentiernaturemontmelas.fr\/index.php\/wp-json\/wp\/v2\/posts\/17"}],"collection":[{"href":"https:\/\/sentiernaturemontmelas.fr\/index.php\/wp-json\/wp\/v2\/posts"}],"about":[{"href":"https:\/\/sentiernaturemontmelas.fr\/index.php\/wp-json\/wp\/v2\/types\/post"}],"author":[{"embeddable":true,"href":"https:\/\/sentiernaturemontmelas.fr\/index.php\/wp-json\/wp\/v2\/users\/2"}],"replies":[{"embeddable":true,"href":"https:\/\/sentiernaturemontmelas.fr\/index.php\/wp-json\/wp\/v2\/comments?post=17"}],"version-history":[{"count":1,"href":"https:\/\/sentiernaturemontmelas.fr\/index.php\/wp-json\/wp\/v2\/posts\/17\/revisions"}],"predecessor-version":[{"id":93,"href":"https:\/\/sentiernaturemontmelas.fr\/index.php\/wp-json\/wp\/v2\/posts\/17\/revisions\/93"}],"wp:featuredmedia":[{"embeddable":true,"href":"https:\/\/sentiernaturemontmelas.fr\/index.php\/wp-json\/wp\/v2\/media\/92"}],"wp:attachment":[{"href":"https:\/\/sentiernaturemontmelas.fr\/index.php\/wp-json\/wp\/v2\/media?parent=17"}],"wp:term":[{"taxonomy":"category","embeddable":true,"href":"https:\/\/sentiernaturemontmelas.fr\/index.php\/wp-json\/wp\/v2\/categories?post=17"},{"taxonomy":"post_tag","embeddable":true,"href":"https:\/\/sentiernaturemontmelas.fr\/index.php\/wp-json\/wp\/v2\/tags?post=17"}],"curies":[{"name":"wp","href":"https:\/\/api.w.org\/{rel}","templated":true}]}}