{"id":1857,"date":"2022-01-14T09:53:52","date_gmt":"2022-01-14T08:53:52","guid":{"rendered":"http:\/\/sentiernaturemontmelas.fr\/?p=1857"},"modified":"2022-01-14T09:53:52","modified_gmt":"2022-01-14T08:53:52","slug":"la-balade-en-foret","status":"publish","type":"post","link":"https:\/\/sentiernaturemontmelas.fr\/index.php\/2022\/01\/14\/la-balade-en-foret\/","title":{"rendered":"La balade en for\u00eat"},"content":{"rendered":"\n<p>   Lundi 11 janvier, nous sommes all\u00e9s  sur le sentier. Les  \u00e9l\u00e8ves avaient une fiche sur le village, les plaines et les collines. Ils \u00e9taient vers les tables d&rsquo;orientation. Ils devaient r\u00e9pondre aux questions. Puis nous sommes all\u00e9s mettre des graines aux oiseaux. Ensuite, nous avons observ\u00e9 la mare. Elle avait d\u00e9bord\u00e9. <\/p>\n\n\n\n<figure class=\"wp-block-image size-large is-resized\"><img loading=\"lazy\" decoding=\"async\" src=\"https:\/\/sentiernaturemontmelas.fr\/wp-content\/uploads\/2022\/01\/P1200758.jpg\" alt=\"\" class=\"wp-image-1869\" width=\"347\" height=\"260\" srcset=\"https:\/\/sentiernaturemontmelas.fr\/wp-content\/uploads\/2022\/01\/P1200758.jpg 640w, https:\/\/sentiernaturemontmelas.fr\/wp-content\/uploads\/2022\/01\/P1200758-300x225.jpg 300w\" sizes=\"(max-width: 347px) 100vw, 347px\" \/><\/figure>\n\n\n\n<p>.    <\/p>\n\n\n\n<p>Puis nous sommes rentr\u00e9s \u00e0 notre rythme.<\/p>\n\n\n\n<p>L&rsquo;avis des \u00e9l\u00e8ves :<\/p>\n\n\n\n<p>Constantin : J&rsquo;ai bien aim\u00e9 chercher les feuillus et les conif\u00e8res. <\/p>\n\n\n\n<p>Lila -May : J&rsquo;ai trouv\u00e9 la balade tr\u00e8s int\u00e9ressante.<\/p>\n\n\n\n<p>Quentin et Roman<\/p>\n","protected":false},"excerpt":{"rendered":"<p>Lundi 11 janvier, nous sommes all\u00e9s sur le sentier. Les \u00e9l\u00e8ves avaient une fiche sur le village, les plaines et les collines. Ils \u00e9taient vers les tables d&rsquo;orientation. Ils devaient r\u00e9pondre aux questions. Puis nous sommes all\u00e9s mettre des graines aux oiseaux. Ensuite, nous avons observ\u00e9 la mare. Elle avait d\u00e9bord\u00e9. . Puis nous sommes &hellip; <\/p>\n<p class=\"link-more\"><a href=\"https:\/\/sentiernaturemontmelas.fr\/index.php\/2022\/01\/14\/la-balade-en-foret\/\" class=\"more-link\">Continuer la lecture<span class=\"screen-reader-text\"> de &laquo;&nbsp;La balade en for\u00eat&nbsp;&raquo;<\/span><\/a><\/p>\n","protected":false},"author":3,"featured_media":0,"comment_status":"open","ping_status":"open","sticky":false,"template":"","format":"standard","meta":{"footnotes":""},"categories":[1],"tags":[],"_links":{"self":[{"href":"https:\/\/sentiernaturemontmelas.fr\/index.php\/wp-json\/wp\/v2\/posts\/1857"}],"collection":[{"href":"https:\/\/sentiernaturemontmelas.fr\/index.php\/wp-json\/wp\/v2\/posts"}],"about":[{"href":"https:\/\/sentiernaturemontmelas.fr\/index.php\/wp-json\/wp\/v2\/types\/post"}],"author":[{"embeddable":true,"href":"https:\/\/sentiernaturemontmelas.fr\/index.php\/wp-json\/wp\/v2\/users\/3"}],"replies":[{"embeddable":true,"href":"https:\/\/sentiernaturemontmelas.fr\/index.php\/wp-json\/wp\/v2\/comments?post=1857"}],"version-history":[{"count":4,"href":"https:\/\/sentiernaturemontmelas.fr\/index.php\/wp-json\/wp\/v2\/posts\/1857\/revisions"}],"predecessor-version":[{"id":1871,"href":"https:\/\/sentiernaturemontmelas.fr\/index.php\/wp-json\/wp\/v2\/posts\/1857\/revisions\/1871"}],"wp:attachment":[{"href":"https:\/\/sentiernaturemontmelas.fr\/index.php\/wp-json\/wp\/v2\/media?parent=1857"}],"wp:term":[{"taxonomy":"category","embeddable":true,"href":"https:\/\/sentiernaturemontmelas.fr\/index.php\/wp-json\/wp\/v2\/categories?post=1857"},{"taxonomy":"post_tag","embeddable":true,"href":"https:\/\/sentiernaturemontmelas.fr\/index.php\/wp-json\/wp\/v2\/tags?post=1857"}],"curies":[{"name":"wp","href":"https:\/\/api.w.org\/{rel}","templated":true}]}}