{"id":1874,"date":"2022-01-24T11:22:23","date_gmt":"2022-01-24T10:22:23","guid":{"rendered":"http:\/\/sentiernaturemontmelas.fr\/?p=1874"},"modified":"2022-01-24T11:22:23","modified_gmt":"2022-01-24T10:22:23","slug":"la-gardienne-orangee-qui-nous-a-suivis","status":"publish","type":"post","link":"https:\/\/sentiernaturemontmelas.fr\/index.php\/2022\/01\/24\/la-gardienne-orangee-qui-nous-a-suivis\/","title":{"rendered":"La gardienne orang\u00e9e qui nous a suivis"},"content":{"rendered":"\n<p>Lundi 17 janvier, nous sommes all\u00e9s sur le sentier nature. Nous avons travaill\u00e9 sur les 6 plantes d&rsquo;hiver.                <\/p>\n\n\n\n<p>les plantes d&rsquo;hiver :<\/p>\n\n\n\n<p>                                                                                                                                                                                                                                                                                                                         <\/p>\n\n\n\n<figure class=\"wp-block-image size-large is-resized\"><img loading=\"lazy\" decoding=\"async\" src=\"http:\/\/sentiernaturemontmelas.fr\/wp-content\/uploads\/2022\/01\/P1200764-Copie-Copie-Copie-1024x768.jpg\" alt=\"\" class=\"wp-image-1880\" width=\"490\" height=\"367\" srcset=\"https:\/\/sentiernaturemontmelas.fr\/wp-content\/uploads\/2022\/01\/P1200764-Copie-Copie-Copie-1024x768.jpg 1024w, https:\/\/sentiernaturemontmelas.fr\/wp-content\/uploads\/2022\/01\/P1200764-Copie-Copie-Copie-300x225.jpg 300w, https:\/\/sentiernaturemontmelas.fr\/wp-content\/uploads\/2022\/01\/P1200764-Copie-Copie-Copie-768x576.jpg 768w, https:\/\/sentiernaturemontmelas.fr\/wp-content\/uploads\/2022\/01\/P1200764-Copie-Copie-Copie-1536x1152.jpg 1536w, https:\/\/sentiernaturemontmelas.fr\/wp-content\/uploads\/2022\/01\/P1200764-Copie-Copie-Copie.jpg 2048w\" sizes=\"(max-width: 490px) 100vw, 490px\" \/><figcaption>L&rsquo;ail sauvage :<\/figcaption><\/figure>\n\n\n\n<p>La tige  est creuse. Au printemps, il y aura des fleurs roses ou violettes .                                                                                                                                                                                           L&rsquo;ail a un bulbe. Il pousse en hiver.<\/p>\n\n\n\n<p>En f\u00e9vrier, il y aura de l&rsquo;ail des ours. Il a des feuilles qui ressemblent au muguet et la jacinthe.<\/p>\n\n\n\n<p><\/p>\n\n\n\n<figure class=\"wp-block-image size-large is-resized\"><img loading=\"lazy\" decoding=\"async\" src=\"http:\/\/sentiernaturemontmelas.fr\/wp-content\/uploads\/2022\/01\/P1200767-1024x768.jpg\" alt=\"\" class=\"wp-image-1882\" width=\"513\" height=\"385\" srcset=\"https:\/\/sentiernaturemontmelas.fr\/wp-content\/uploads\/2022\/01\/P1200767-1024x768.jpg 1024w, https:\/\/sentiernaturemontmelas.fr\/wp-content\/uploads\/2022\/01\/P1200767-300x225.jpg 300w, https:\/\/sentiernaturemontmelas.fr\/wp-content\/uploads\/2022\/01\/P1200767-768x576.jpg 768w, https:\/\/sentiernaturemontmelas.fr\/wp-content\/uploads\/2022\/01\/P1200767-1536x1152.jpg 1536w, https:\/\/sentiernaturemontmelas.fr\/wp-content\/uploads\/2022\/01\/P1200767.jpg 2048w\" sizes=\"(max-width: 513px) 100vw, 513px\" \/><figcaption>L&rsquo;\u00e9glantier :<\/figcaption><\/figure>\n\n\n\n<p>Son fruit s&rsquo;appelle le cynorhodon, on peut en faire de la confiture .                                                                                                                                                                                                                     Sa fleur s&rsquo;appelle la rose, on peut en faire du sirop.<\/p>\n\n\n\n<p>                                                                                                                                                                                                                                                                                                                                        <\/p>\n\n\n\n<figure class=\"wp-block-image size-large is-resized\"><img loading=\"lazy\" decoding=\"async\" src=\"http:\/\/sentiernaturemontmelas.fr\/wp-content\/uploads\/2022\/01\/P1200768-Copie-1024x768.jpg\" alt=\"\" class=\"wp-image-1883\" width=\"513\" height=\"385\" srcset=\"https:\/\/sentiernaturemontmelas.fr\/wp-content\/uploads\/2022\/01\/P1200768-Copie-1024x768.jpg 1024w, https:\/\/sentiernaturemontmelas.fr\/wp-content\/uploads\/2022\/01\/P1200768-Copie-300x225.jpg 300w, https:\/\/sentiernaturemontmelas.fr\/wp-content\/uploads\/2022\/01\/P1200768-Copie-768x576.jpg 768w, https:\/\/sentiernaturemontmelas.fr\/wp-content\/uploads\/2022\/01\/P1200768-Copie-1536x1152.jpg 1536w, https:\/\/sentiernaturemontmelas.fr\/wp-content\/uploads\/2022\/01\/P1200768-Copie.jpg 2048w\" sizes=\"(max-width: 513px) 100vw, 513px\" \/><figcaption>Le lierre :<\/figcaption><\/figure>\n\n\n\n<p>Le lierre a trois vies :  1 il rampe au sol. 2 il grimpe \u00e0 un arbre. 3 ses feuilles changent et ses tiges sont rigides. Il prot\u00e8ge les arbres en grimpant dessus. On peut en faire de la lessive.<\/p>\n\n\n\n<p>                                                                                                                                                                                                                                                                                                                                                                        <\/p>\n\n\n\n<figure class=\"wp-block-image size-large is-resized\"><img loading=\"lazy\" decoding=\"async\" src=\"http:\/\/sentiernaturemontmelas.fr\/wp-content\/uploads\/2022\/01\/P1200769-Copie-1024x768.jpg\" alt=\"\" class=\"wp-image-1884\" width=\"520\" height=\"390\" srcset=\"https:\/\/sentiernaturemontmelas.fr\/wp-content\/uploads\/2022\/01\/P1200769-Copie-1024x768.jpg 1024w, https:\/\/sentiernaturemontmelas.fr\/wp-content\/uploads\/2022\/01\/P1200769-Copie-300x225.jpg 300w, https:\/\/sentiernaturemontmelas.fr\/wp-content\/uploads\/2022\/01\/P1200769-Copie-768x576.jpg 768w, https:\/\/sentiernaturemontmelas.fr\/wp-content\/uploads\/2022\/01\/P1200769-Copie-1536x1152.jpg 1536w, https:\/\/sentiernaturemontmelas.fr\/wp-content\/uploads\/2022\/01\/P1200769-Copie.jpg 2048w\" sizes=\"(max-width: 520px) 100vw, 520px\" \/><figcaption>Le ch\u00eane :<\/figcaption><\/figure>\n\n\n\n<p>On utilise son \u00e9corce pour se soigner : on peut en faire des infusions  pour la diarrh\u00e9e et une pommade pour les boutons. <\/p>\n\n\n\n<p><\/p>\n\n\n\n<figure class=\"wp-block-image size-large is-resized\"><img loading=\"lazy\" decoding=\"async\" src=\"http:\/\/sentiernaturemontmelas.fr\/wp-content\/uploads\/2022\/01\/P1200770-Copie-1024x768.jpg\" alt=\"\" class=\"wp-image-1885\" width=\"358\" height=\"268\" srcset=\"https:\/\/sentiernaturemontmelas.fr\/wp-content\/uploads\/2022\/01\/P1200770-Copie-1024x768.jpg 1024w, https:\/\/sentiernaturemontmelas.fr\/wp-content\/uploads\/2022\/01\/P1200770-Copie-300x225.jpg 300w, https:\/\/sentiernaturemontmelas.fr\/wp-content\/uploads\/2022\/01\/P1200770-Copie-768x576.jpg 768w, https:\/\/sentiernaturemontmelas.fr\/wp-content\/uploads\/2022\/01\/P1200770-Copie-1536x1152.jpg 1536w, https:\/\/sentiernaturemontmelas.fr\/wp-content\/uploads\/2022\/01\/P1200770-Copie.jpg 2048w\" sizes=\"(max-width: 358px) 100vw, 358px\" \/><figcaption>Voici la gardienne orang\u00e9e qui est mont\u00e9e sur l&rsquo;arbre pour voir si il y a pas de danger.<\/figcaption><\/figure>\n\n\n\n<figure class=\"wp-block-image size-large\"><img loading=\"lazy\" decoding=\"async\" width=\"1024\" height=\"768\" src=\"http:\/\/sentiernaturemontmelas.fr\/wp-content\/uploads\/2022\/01\/P1200774-Copie-1024x768.jpg\" alt=\"\" class=\"wp-image-1886\" srcset=\"https:\/\/sentiernaturemontmelas.fr\/wp-content\/uploads\/2022\/01\/P1200774-Copie-1024x768.jpg 1024w, https:\/\/sentiernaturemontmelas.fr\/wp-content\/uploads\/2022\/01\/P1200774-Copie-300x225.jpg 300w, https:\/\/sentiernaturemontmelas.fr\/wp-content\/uploads\/2022\/01\/P1200774-Copie-768x576.jpg 768w, https:\/\/sentiernaturemontmelas.fr\/wp-content\/uploads\/2022\/01\/P1200774-Copie-1536x1152.jpg 1536w, https:\/\/sentiernaturemontmelas.fr\/wp-content\/uploads\/2022\/01\/P1200774-Copie.jpg 2048w\" sizes=\"(max-width: 706px) 89vw, (max-width: 767px) 82vw, 740px\" \/><figcaption>Le Pin Sylvestre :<\/figcaption><\/figure>\n\n\n\n<p>                                                                                                                                                                                                                                                                                                                                                            Le fruit du pin sylvestre est le c\u00f4ne, c&rsquo;est un arbre de la famille des conif\u00e8res.                                                                                                                                                                                             Ses bourgeons sont utilis\u00e9s pour faire des infusions.<\/p>\n\n\n\n<p> Le prunellier :                                                                                                                                                                                                                                                                                                                                                                              On appelle son fruit la prunelle quand elle g\u00e8le on peut en faire de la confiture, du sirop et des infusions. (D\u00e9sol\u00e9 mais nous n&rsquo;avons pas de photo)<\/p>\n\n\n\n<p>   <\/p>\n\n\n\n<p>Nolan et Daniel.<\/p>\n","protected":false},"excerpt":{"rendered":"<p>Lundi 17 janvier, nous sommes all\u00e9s sur le sentier nature. Nous avons travaill\u00e9 sur les 6 plantes d&rsquo;hiver. les plantes d&rsquo;hiver : La tige est creuse. Au printemps, il y aura des fleurs roses ou violettes . L&rsquo;ail a un bulbe. Il pousse en hiver. En f\u00e9vrier, il y aura de l&rsquo;ail des ours. Il &hellip; <\/p>\n<p class=\"link-more\"><a href=\"https:\/\/sentiernaturemontmelas.fr\/index.php\/2022\/01\/24\/la-gardienne-orangee-qui-nous-a-suivis\/\" class=\"more-link\">Continuer la lecture<span class=\"screen-reader-text\"> de &laquo;&nbsp;La gardienne orang\u00e9e qui nous a suivis&nbsp;&raquo;<\/span><\/a><\/p>\n","protected":false},"author":3,"featured_media":0,"comment_status":"open","ping_status":"open","sticky":false,"template":"","format":"standard","meta":{"footnotes":""},"categories":[1],"tags":[],"_links":{"self":[{"href":"https:\/\/sentiernaturemontmelas.fr\/index.php\/wp-json\/wp\/v2\/posts\/1874"}],"collection":[{"href":"https:\/\/sentiernaturemontmelas.fr\/index.php\/wp-json\/wp\/v2\/posts"}],"about":[{"href":"https:\/\/sentiernaturemontmelas.fr\/index.php\/wp-json\/wp\/v2\/types\/post"}],"author":[{"embeddable":true,"href":"https:\/\/sentiernaturemontmelas.fr\/index.php\/wp-json\/wp\/v2\/users\/3"}],"replies":[{"embeddable":true,"href":"https:\/\/sentiernaturemontmelas.fr\/index.php\/wp-json\/wp\/v2\/comments?post=1874"}],"version-history":[{"count":6,"href":"https:\/\/sentiernaturemontmelas.fr\/index.php\/wp-json\/wp\/v2\/posts\/1874\/revisions"}],"predecessor-version":[{"id":1889,"href":"https:\/\/sentiernaturemontmelas.fr\/index.php\/wp-json\/wp\/v2\/posts\/1874\/revisions\/1889"}],"wp:attachment":[{"href":"https:\/\/sentiernaturemontmelas.fr\/index.php\/wp-json\/wp\/v2\/media?parent=1874"}],"wp:term":[{"taxonomy":"category","embeddable":true,"href":"https:\/\/sentiernaturemontmelas.fr\/index.php\/wp-json\/wp\/v2\/categories?post=1874"},{"taxonomy":"post_tag","embeddable":true,"href":"https:\/\/sentiernaturemontmelas.fr\/index.php\/wp-json\/wp\/v2\/tags?post=1874"}],"curies":[{"name":"wp","href":"https:\/\/api.w.org\/{rel}","templated":true}]}}