{"id":1893,"date":"2022-02-08T09:52:28","date_gmt":"2022-02-08T08:52:28","guid":{"rendered":"http:\/\/sentiernaturemontmelas.fr\/?p=1893"},"modified":"2022-02-08T09:52:28","modified_gmt":"2022-02-08T08:52:28","slug":"les-directions-inconnues","status":"publish","type":"post","link":"https:\/\/sentiernaturemontmelas.fr\/index.php\/2022\/02\/08\/les-directions-inconnues\/","title":{"rendered":"Les directions inconnues"},"content":{"rendered":"\n<p>Jeudi 3 f\u00e9vrier, nous sommes retourn\u00e9s au sentier nature pour travailler sur les directions. Il y avait des lieux en France et d&rsquo;autres dans le monde. Les kilom\u00e8tres \u00e9taient \u00e9crits sur une fiche et sur les panneaux.  Nous avons eu deux autres fiches, une de la France et une du monde. <\/p>\n\n\n\n<p>Les \u00e9l\u00e8ves devaient choisir un parcours pour trouver les fl\u00e8ches de direction. Mais il n&rsquo;y en avait pas sur le parcours g\u00e9ologique. Maintenant passons \u00e0 la mare, elle \u00e9tait claire et tr\u00e8s haute mais elle n&rsquo;a pas d\u00e9bord\u00e9.<\/p>\n\n\n\n<p>Voici l&rsquo;avis des \u00e9l\u00e8ves :<\/p>\n\n\n\n<p>Maxence:  J&rsquo;ai bien aim\u00e9 \u00eatre journaliste.<\/p>\n\n\n\n<p>Victor: J&rsquo;ai trouv\u00e9 \u00e7a tr\u00e8s int\u00e9ressant car \u00e7a nous montrait combien il y avait de kilom\u00e8tres sur les villes.<\/p>\n\n\n\n<p>Constantin: J&rsquo;ai bien aim\u00e9 chercher les panneaux.<\/p>\n\n\n\n<p>Lila-may: J&rsquo;ai bien aim\u00e9 marcher dans la for\u00eat !<\/p>\n\n\n\n<p>Victor et Maxence<\/p>\n\n\n\n<figure class=\"wp-block-image size-large\"><img loading=\"lazy\" decoding=\"async\" width=\"1024\" height=\"768\" src=\"http:\/\/sentiernaturemontmelas.fr\/wp-content\/uploads\/2022\/02\/P1200796-1024x768.jpg\" alt=\"\" class=\"wp-image-1898\" srcset=\"https:\/\/sentiernaturemontmelas.fr\/wp-content\/uploads\/2022\/02\/P1200796-1024x768.jpg 1024w, https:\/\/sentiernaturemontmelas.fr\/wp-content\/uploads\/2022\/02\/P1200796-300x225.jpg 300w, https:\/\/sentiernaturemontmelas.fr\/wp-content\/uploads\/2022\/02\/P1200796-768x576.jpg 768w, https:\/\/sentiernaturemontmelas.fr\/wp-content\/uploads\/2022\/02\/P1200796-1536x1152.jpg 1536w, https:\/\/sentiernaturemontmelas.fr\/wp-content\/uploads\/2022\/02\/P1200796.jpg 2048w\" sizes=\"(max-width: 706px) 89vw, (max-width: 767px) 82vw, 740px\" \/><\/figure>\n","protected":false},"excerpt":{"rendered":"<p>Jeudi 3 f\u00e9vrier, nous sommes retourn\u00e9s au sentier nature pour travailler sur les directions. Il y avait des lieux en France et d&rsquo;autres dans le monde. Les kilom\u00e8tres \u00e9taient \u00e9crits sur une fiche et sur les panneaux. Nous avons eu deux autres fiches, une de la France et une du monde. Les \u00e9l\u00e8ves devaient choisir &hellip; <\/p>\n<p class=\"link-more\"><a href=\"https:\/\/sentiernaturemontmelas.fr\/index.php\/2022\/02\/08\/les-directions-inconnues\/\" class=\"more-link\">Continuer la lecture<span class=\"screen-reader-text\"> de &laquo;&nbsp;Les directions inconnues&nbsp;&raquo;<\/span><\/a><\/p>\n","protected":false},"author":3,"featured_media":0,"comment_status":"open","ping_status":"open","sticky":false,"template":"","format":"standard","meta":{"footnotes":""},"categories":[1],"tags":[],"_links":{"self":[{"href":"https:\/\/sentiernaturemontmelas.fr\/index.php\/wp-json\/wp\/v2\/posts\/1893"}],"collection":[{"href":"https:\/\/sentiernaturemontmelas.fr\/index.php\/wp-json\/wp\/v2\/posts"}],"about":[{"href":"https:\/\/sentiernaturemontmelas.fr\/index.php\/wp-json\/wp\/v2\/types\/post"}],"author":[{"embeddable":true,"href":"https:\/\/sentiernaturemontmelas.fr\/index.php\/wp-json\/wp\/v2\/users\/3"}],"replies":[{"embeddable":true,"href":"https:\/\/sentiernaturemontmelas.fr\/index.php\/wp-json\/wp\/v2\/comments?post=1893"}],"version-history":[{"count":4,"href":"https:\/\/sentiernaturemontmelas.fr\/index.php\/wp-json\/wp\/v2\/posts\/1893\/revisions"}],"predecessor-version":[{"id":1902,"href":"https:\/\/sentiernaturemontmelas.fr\/index.php\/wp-json\/wp\/v2\/posts\/1893\/revisions\/1902"}],"wp:attachment":[{"href":"https:\/\/sentiernaturemontmelas.fr\/index.php\/wp-json\/wp\/v2\/media?parent=1893"}],"wp:term":[{"taxonomy":"category","embeddable":true,"href":"https:\/\/sentiernaturemontmelas.fr\/index.php\/wp-json\/wp\/v2\/categories?post=1893"},{"taxonomy":"post_tag","embeddable":true,"href":"https:\/\/sentiernaturemontmelas.fr\/index.php\/wp-json\/wp\/v2\/tags?post=1893"}],"curies":[{"name":"wp","href":"https:\/\/api.w.org\/{rel}","templated":true}]}}