{"id":1923,"date":"2022-03-18T14:29:34","date_gmt":"2022-03-18T13:29:34","guid":{"rendered":"http:\/\/sentiernaturemontmelas.fr\/?p=1923"},"modified":"2022-04-04T14:02:16","modified_gmt":"2022-04-04T12:02:16","slug":"le-printemps-arrive","status":"publish","type":"post","link":"https:\/\/sentiernaturemontmelas.fr\/index.php\/2022\/03\/18\/le-printemps-arrive\/","title":{"rendered":"Le printemps arrive"},"content":{"rendered":"\n<p>Lundi 7 mars, nous sommes all\u00e9s sur le sentier nature pour voir les signes du printemps.<\/p>\n\n\n\n<p>Nous avons vu qu&rsquo;au printemps il y a : <\/p>\n\n\n\n<p>Les fleurs qui arrivent, les bourgeons qui apparaissent, les arbres ont des feuilles, on voit  aussi les insectes, les oiseaux commencent \u00e0 chanter de plus en plus et ils commencent \u00e0 se mettre en couples, la mare retrouve la vie de ses insectes.<\/p>\n\n\n\n<figure class=\"wp-block-image size-large is-resized\"><img loading=\"lazy\" decoding=\"async\" src=\"https:\/\/sentiernaturemontmelas.fr\/wp-content\/uploads\/2022\/03\/IMG_2058-1024x768.jpg\" alt=\"\" class=\"wp-image-1937\" width=\"467\" height=\"350\" srcset=\"https:\/\/sentiernaturemontmelas.fr\/wp-content\/uploads\/2022\/03\/IMG_2058-1024x768.jpg 1024w, https:\/\/sentiernaturemontmelas.fr\/wp-content\/uploads\/2022\/03\/IMG_2058-300x225.jpg 300w, https:\/\/sentiernaturemontmelas.fr\/wp-content\/uploads\/2022\/03\/IMG_2058-768x576.jpg 768w, https:\/\/sentiernaturemontmelas.fr\/wp-content\/uploads\/2022\/03\/IMG_2058-1536x1152.jpg 1536w, https:\/\/sentiernaturemontmelas.fr\/wp-content\/uploads\/2022\/03\/IMG_2058-2048x1536.jpg 2048w\" sizes=\"(max-width: 467px) 100vw, 467px\" \/><\/figure>\n\n\n\n<p>Vendredi 11 Mars, nous sommes all\u00e9s sur le sentier nature avec Tom et Juliette pour leur faire visiter  le parcours plantes et le parcours contes. Tom a choisi le parcours plantes et Juliette le parcours contes.  Les autres \u00e9l\u00e8ves avaient choisi un insecte et quand David a siffl\u00e9, on s&rsquo;est retrouv\u00e9 \u00e0 la mare. Ensuite chaque \u00e9l\u00e8ve devait dire ce dont il se souvenait sur son insecte. <\/p>\n\n\n\n<figure class=\"wp-block-image size-large is-resized\"><img loading=\"lazy\" decoding=\"async\" src=\"https:\/\/sentiernaturemontmelas.fr\/wp-content\/uploads\/2022\/03\/IMG_2142-1024x768.jpg\" alt=\"\" class=\"wp-image-1941\" width=\"488\" height=\"365\" srcset=\"https:\/\/sentiernaturemontmelas.fr\/wp-content\/uploads\/2022\/03\/IMG_2142-1024x768.jpg 1024w, https:\/\/sentiernaturemontmelas.fr\/wp-content\/uploads\/2022\/03\/IMG_2142-300x225.jpg 300w, https:\/\/sentiernaturemontmelas.fr\/wp-content\/uploads\/2022\/03\/IMG_2142-768x576.jpg 768w, https:\/\/sentiernaturemontmelas.fr\/wp-content\/uploads\/2022\/03\/IMG_2142-1536x1152.jpg 1536w, https:\/\/sentiernaturemontmelas.fr\/wp-content\/uploads\/2022\/03\/IMG_2142-2048x1536.jpg 2048w\" sizes=\"(max-width: 488px) 100vw, 488px\" \/><\/figure>\n\n\n\n<p>Moi mon insecte, c&rsquo;\u00e9tait le papillon.  Voici quelques renseignements dessus : <\/p>\n\n\n\n<p>Sa taille est de 3 mm  \u00e0 15 cm, ses pr\u00e9dateurs sont les l\u00e9zards et les oiseaux, il se nourrit de s\u00e8ve d&rsquo;arbres et de nectars de fleurs, les larves se nourrissent de feuilles d&rsquo;arbres, les papillons communiquent par les antennes et une fois qu&rsquo;il atteint sa taille adulte, il ne grandit plus.<\/p>\n\n\n\n<p>Voici l&rsquo;avis des \u00e9l\u00e8ves :<\/p>\n\n\n\n<p>Nolan :   J&rsquo;ai bien aim\u00e9 travailler sur la libellule car c&rsquo;\u00e9tais amusant ! <\/p>\n\n\n\n<p>In\u00e8s.P : J&rsquo;ai bien aim\u00e9 parce que j&rsquo;ai expliqu\u00e9 le parcours conte \u00e0 Juliette, c&rsquo;\u00e9tait bien !<\/p>\n\n\n\n<p><\/p>\n\n\n\n<p>Charlotte<\/p>\n\n\n\n<p>    <\/p>\n","protected":false},"excerpt":{"rendered":"<p>Lundi 7 mars, nous sommes all\u00e9s sur le sentier nature pour voir les signes du printemps. Nous avons vu qu&rsquo;au printemps il y a : Les fleurs qui arrivent, les bourgeons qui apparaissent, les arbres ont des feuilles, on voit aussi les insectes, les oiseaux commencent \u00e0 chanter de plus en plus et ils commencent &hellip; <\/p>\n<p class=\"link-more\"><a href=\"https:\/\/sentiernaturemontmelas.fr\/index.php\/2022\/03\/18\/le-printemps-arrive\/\" class=\"more-link\">Continuer la lecture<span class=\"screen-reader-text\"> de &laquo;&nbsp;Le printemps arrive&nbsp;&raquo;<\/span><\/a><\/p>\n","protected":false},"author":3,"featured_media":0,"comment_status":"open","ping_status":"open","sticky":false,"template":"","format":"standard","meta":{"footnotes":""},"categories":[1],"tags":[],"_links":{"self":[{"href":"https:\/\/sentiernaturemontmelas.fr\/index.php\/wp-json\/wp\/v2\/posts\/1923"}],"collection":[{"href":"https:\/\/sentiernaturemontmelas.fr\/index.php\/wp-json\/wp\/v2\/posts"}],"about":[{"href":"https:\/\/sentiernaturemontmelas.fr\/index.php\/wp-json\/wp\/v2\/types\/post"}],"author":[{"embeddable":true,"href":"https:\/\/sentiernaturemontmelas.fr\/index.php\/wp-json\/wp\/v2\/users\/3"}],"replies":[{"embeddable":true,"href":"https:\/\/sentiernaturemontmelas.fr\/index.php\/wp-json\/wp\/v2\/comments?post=1923"}],"version-history":[{"count":10,"href":"https:\/\/sentiernaturemontmelas.fr\/index.php\/wp-json\/wp\/v2\/posts\/1923\/revisions"}],"predecessor-version":[{"id":1978,"href":"https:\/\/sentiernaturemontmelas.fr\/index.php\/wp-json\/wp\/v2\/posts\/1923\/revisions\/1978"}],"wp:attachment":[{"href":"https:\/\/sentiernaturemontmelas.fr\/index.php\/wp-json\/wp\/v2\/media?parent=1923"}],"wp:term":[{"taxonomy":"category","embeddable":true,"href":"https:\/\/sentiernaturemontmelas.fr\/index.php\/wp-json\/wp\/v2\/categories?post=1923"},{"taxonomy":"post_tag","embeddable":true,"href":"https:\/\/sentiernaturemontmelas.fr\/index.php\/wp-json\/wp\/v2\/tags?post=1923"}],"curies":[{"name":"wp","href":"https:\/\/api.w.org\/{rel}","templated":true}]}}