{"id":1946,"date":"2022-03-22T16:13:34","date_gmt":"2022-03-22T15:13:34","guid":{"rendered":"http:\/\/sentiernaturemontmelas.fr\/?p=1946"},"modified":"2022-04-04T09:03:09","modified_gmt":"2022-04-04T07:03:09","slug":"les-chant-doiseaux","status":"publish","type":"post","link":"https:\/\/sentiernaturemontmelas.fr\/index.php\/2022\/03\/22\/les-chant-doiseaux\/","title":{"rendered":"Les chants d&rsquo;oiseaux"},"content":{"rendered":"\n<p>Mardi 22  mars, on est all\u00e9s  au sentier nature. On a travaill\u00e9 sur les chants d&rsquo;oiseaux comme la m\u00e9sange charbonni\u00e8re,  la m\u00e9sange bleue, la chouette hulotte ( vous pourrez l&rsquo;\u00e9couter dans la nuit ) et le pinson&#8230; Quelques \u00e9l\u00e8ves ont trouv\u00e9 des bourgeons. <\/p>\n\n\n\n<figure class=\"wp-block-image size-large is-resized\"><img loading=\"lazy\" decoding=\"async\" src=\"https:\/\/sentiernaturemontmelas.fr\/wp-content\/uploads\/2022\/04\/IMG_2142-1024x768.jpg\" alt=\"\" class=\"wp-image-1973\" width=\"283\" height=\"212\" srcset=\"https:\/\/sentiernaturemontmelas.fr\/wp-content\/uploads\/2022\/04\/IMG_2142-1024x768.jpg 1024w, https:\/\/sentiernaturemontmelas.fr\/wp-content\/uploads\/2022\/04\/IMG_2142-300x225.jpg 300w, https:\/\/sentiernaturemontmelas.fr\/wp-content\/uploads\/2022\/04\/IMG_2142-768x576.jpg 768w, https:\/\/sentiernaturemontmelas.fr\/wp-content\/uploads\/2022\/04\/IMG_2142-1536x1152.jpg 1536w, https:\/\/sentiernaturemontmelas.fr\/wp-content\/uploads\/2022\/04\/IMG_2142-2048x1536.jpg 2048w\" sizes=\"(max-width: 283px) 100vw, 283px\" \/><\/figure>\n\n\n\n<p>L&rsquo;avis d&rsquo;un \u00e9l\u00e8ve :<\/p>\n\n\n\n<p>Nolan : J&rsquo;ai appris \u00e0 reconna\u00eetre plusieurs chants,  c&rsquo;\u00e9tait bien !<\/p>\n\n\n\n<p>L\u00e9ana <\/p>\n","protected":false},"excerpt":{"rendered":"<p>Mardi 22 mars, on est all\u00e9s au sentier nature. On a travaill\u00e9 sur les chants d&rsquo;oiseaux comme la m\u00e9sange charbonni\u00e8re, la m\u00e9sange bleue, la chouette hulotte ( vous pourrez l&rsquo;\u00e9couter dans la nuit ) et le pinson&#8230; Quelques \u00e9l\u00e8ves ont trouv\u00e9 des bourgeons. L&rsquo;avis d&rsquo;un \u00e9l\u00e8ve : Nolan : J&rsquo;ai appris \u00e0 reconna\u00eetre plusieurs chants, &hellip; <\/p>\n<p class=\"link-more\"><a href=\"https:\/\/sentiernaturemontmelas.fr\/index.php\/2022\/03\/22\/les-chant-doiseaux\/\" class=\"more-link\">Continuer la lecture<span class=\"screen-reader-text\"> de &laquo;&nbsp;Les chants d&rsquo;oiseaux&nbsp;&raquo;<\/span><\/a><\/p>\n","protected":false},"author":3,"featured_media":0,"comment_status":"open","ping_status":"open","sticky":false,"template":"","format":"standard","meta":{"footnotes":""},"categories":[1],"tags":[],"_links":{"self":[{"href":"https:\/\/sentiernaturemontmelas.fr\/index.php\/wp-json\/wp\/v2\/posts\/1946"}],"collection":[{"href":"https:\/\/sentiernaturemontmelas.fr\/index.php\/wp-json\/wp\/v2\/posts"}],"about":[{"href":"https:\/\/sentiernaturemontmelas.fr\/index.php\/wp-json\/wp\/v2\/types\/post"}],"author":[{"embeddable":true,"href":"https:\/\/sentiernaturemontmelas.fr\/index.php\/wp-json\/wp\/v2\/users\/3"}],"replies":[{"embeddable":true,"href":"https:\/\/sentiernaturemontmelas.fr\/index.php\/wp-json\/wp\/v2\/comments?post=1946"}],"version-history":[{"count":6,"href":"https:\/\/sentiernaturemontmelas.fr\/index.php\/wp-json\/wp\/v2\/posts\/1946\/revisions"}],"predecessor-version":[{"id":1974,"href":"https:\/\/sentiernaturemontmelas.fr\/index.php\/wp-json\/wp\/v2\/posts\/1946\/revisions\/1974"}],"wp:attachment":[{"href":"https:\/\/sentiernaturemontmelas.fr\/index.php\/wp-json\/wp\/v2\/media?parent=1946"}],"wp:term":[{"taxonomy":"category","embeddable":true,"href":"https:\/\/sentiernaturemontmelas.fr\/index.php\/wp-json\/wp\/v2\/categories?post=1946"},{"taxonomy":"post_tag","embeddable":true,"href":"https:\/\/sentiernaturemontmelas.fr\/index.php\/wp-json\/wp\/v2\/tags?post=1946"}],"curies":[{"name":"wp","href":"https:\/\/api.w.org\/{rel}","templated":true}]}}