{"id":1979,"date":"2022-04-07T09:45:49","date_gmt":"2022-04-07T07:45:49","guid":{"rendered":"http:\/\/sentiernaturemontmelas.fr\/?p=1979"},"modified":"2022-04-08T12:01:53","modified_gmt":"2022-04-08T10:01:53","slug":"le-question-reponse-des-oiseaux","status":"publish","type":"post","link":"https:\/\/sentiernaturemontmelas.fr\/index.php\/2022\/04\/07\/le-question-reponse-des-oiseaux\/","title":{"rendered":"Le question r\u00e9ponse des oiseaux"},"content":{"rendered":"\n<p>Lundi 4 avril, nous sommes all\u00e9s sur le sentier nature. Ce jour l\u00e0, nous avons travaill\u00e9 sur les oiseaux. Les \u00e9l\u00e8ves ont fait le tour du parcours, en s\u2019arr\u00eatant \u00e0 chaque panneau, pour r\u00e9pondre \u00e0 des questions sur les oiseaux : le rouge gorge, le geai, la m\u00e9sange charbonni\u00e8re\u2026<\/p>\n\n\n\n<figure class=\"wp-block-image size-large\"><img loading=\"lazy\" decoding=\"async\" width=\"1024\" height=\"768\" src=\"https:\/\/sentiernaturemontmelas.fr\/wp-content\/uploads\/2022\/04\/P1200833-1024x768.jpg\" alt=\"\" class=\"wp-image-1984\" srcset=\"https:\/\/sentiernaturemontmelas.fr\/wp-content\/uploads\/2022\/04\/P1200833-1024x768.jpg 1024w, https:\/\/sentiernaturemontmelas.fr\/wp-content\/uploads\/2022\/04\/P1200833-300x225.jpg 300w, https:\/\/sentiernaturemontmelas.fr\/wp-content\/uploads\/2022\/04\/P1200833-768x576.jpg 768w, https:\/\/sentiernaturemontmelas.fr\/wp-content\/uploads\/2022\/04\/P1200833-1536x1152.jpg 1536w, https:\/\/sentiernaturemontmelas.fr\/wp-content\/uploads\/2022\/04\/P1200833.jpg 2048w\" sizes=\"(max-width: 706px) 89vw, (max-width: 767px) 82vw, 740px\" \/><figcaption>J&rsquo; ai r\u00e9ussi \u00e0 prendre une photo d&rsquo;un oiseau !<\/figcaption><\/figure>\n\n\n\n<figure class=\"wp-block-gallery columns-0 is-cropped wp-block-gallery-1 is-layout-flex wp-block-gallery-is-layout-flex\"><ul class=\"blocks-gallery-grid\"><\/ul><\/figure>\n\n\n\n<p><\/p>\n\n\n\n<p>Il y avait aussi deux nouveaux  panneaux : le paon et la  fauvette \u00e0 t\u00eate noire. Ils devaient recopier une ou deux  questions, et trouver la r\u00e9ponse du paon ou de la fauvette.  <\/p>\n\n\n\n<p>Quand les \u00e9l\u00e8ves avaient fini de r\u00e9pondre aux questions, ils devaient se retrouver \u00e0 la mare.<\/p>\n\n\n\n<figure class=\"wp-block-image size-large\"><img loading=\"lazy\" decoding=\"async\" width=\"1024\" height=\"768\" src=\"https:\/\/sentiernaturemontmelas.fr\/wp-content\/uploads\/2022\/04\/P1200830-1024x768.jpg\" alt=\"\" class=\"wp-image-1986\" srcset=\"https:\/\/sentiernaturemontmelas.fr\/wp-content\/uploads\/2022\/04\/P1200830-1024x768.jpg 1024w, https:\/\/sentiernaturemontmelas.fr\/wp-content\/uploads\/2022\/04\/P1200830-300x225.jpg 300w, https:\/\/sentiernaturemontmelas.fr\/wp-content\/uploads\/2022\/04\/P1200830-768x576.jpg 768w, https:\/\/sentiernaturemontmelas.fr\/wp-content\/uploads\/2022\/04\/P1200830-1536x1152.jpg 1536w, https:\/\/sentiernaturemontmelas.fr\/wp-content\/uploads\/2022\/04\/P1200830.jpg 2048w\" sizes=\"(max-width: 706px) 89vw, (max-width: 767px) 82vw, 740px\" \/><figcaption>Le panneau sur la tourterelle !<\/figcaption><\/figure>\n\n\n\n<p>L&rsquo; avis des \u00e9l\u00e8ves : <\/p>\n\n\n\n<p>Victor : J&rsquo;ai bien aim\u00e9 trouver les questions sur la fauvette parce il fallait chercher o\u00f9 avait \u00e9t\u00e9 pos\u00e9 le panneau sur le parcours !<\/p>\n\n\n\n<p>H\u00e9l\u00e9na : J&rsquo;ai bien aim\u00e9 \u00e9crire les questions sur le paon parce que j&rsquo;aime bien cet oiseau ! J&rsquo;ai appris plein de choses sur les oiseaux !<\/p>\n\n\n\n<p>Toineau et Constantin<\/p>\n","protected":false},"excerpt":{"rendered":"<p>Lundi 4 avril, nous sommes all\u00e9s sur le sentier nature. Ce jour l\u00e0, nous avons travaill\u00e9 sur les oiseaux. Les \u00e9l\u00e8ves ont fait le tour du parcours, en s\u2019arr\u00eatant \u00e0 chaque panneau, pour r\u00e9pondre \u00e0 des questions sur les oiseaux : le rouge gorge, le geai, la m\u00e9sange charbonni\u00e8re\u2026 Il y avait aussi deux nouveaux &hellip; <\/p>\n<p class=\"link-more\"><a href=\"https:\/\/sentiernaturemontmelas.fr\/index.php\/2022\/04\/07\/le-question-reponse-des-oiseaux\/\" class=\"more-link\">Continuer la lecture<span class=\"screen-reader-text\"> de &laquo;&nbsp;Le question r\u00e9ponse des oiseaux&nbsp;&raquo;<\/span><\/a><\/p>\n","protected":false},"author":3,"featured_media":0,"comment_status":"open","ping_status":"open","sticky":false,"template":"","format":"standard","meta":{"footnotes":""},"categories":[1],"tags":[],"_links":{"self":[{"href":"https:\/\/sentiernaturemontmelas.fr\/index.php\/wp-json\/wp\/v2\/posts\/1979"}],"collection":[{"href":"https:\/\/sentiernaturemontmelas.fr\/index.php\/wp-json\/wp\/v2\/posts"}],"about":[{"href":"https:\/\/sentiernaturemontmelas.fr\/index.php\/wp-json\/wp\/v2\/types\/post"}],"author":[{"embeddable":true,"href":"https:\/\/sentiernaturemontmelas.fr\/index.php\/wp-json\/wp\/v2\/users\/3"}],"replies":[{"embeddable":true,"href":"https:\/\/sentiernaturemontmelas.fr\/index.php\/wp-json\/wp\/v2\/comments?post=1979"}],"version-history":[{"count":3,"href":"https:\/\/sentiernaturemontmelas.fr\/index.php\/wp-json\/wp\/v2\/posts\/1979\/revisions"}],"predecessor-version":[{"id":1987,"href":"https:\/\/sentiernaturemontmelas.fr\/index.php\/wp-json\/wp\/v2\/posts\/1979\/revisions\/1987"}],"wp:attachment":[{"href":"https:\/\/sentiernaturemontmelas.fr\/index.php\/wp-json\/wp\/v2\/media?parent=1979"}],"wp:term":[{"taxonomy":"category","embeddable":true,"href":"https:\/\/sentiernaturemontmelas.fr\/index.php\/wp-json\/wp\/v2\/categories?post=1979"},{"taxonomy":"post_tag","embeddable":true,"href":"https:\/\/sentiernaturemontmelas.fr\/index.php\/wp-json\/wp\/v2\/tags?post=1979"}],"curies":[{"name":"wp","href":"https:\/\/api.w.org\/{rel}","templated":true}]}}