{"id":1989,"date":"2022-04-14T10:31:52","date_gmt":"2022-04-14T08:31:52","guid":{"rendered":"http:\/\/sentiernaturemontmelas.fr\/?p=1989"},"modified":"2022-04-14T10:38:06","modified_gmt":"2022-04-14T08:38:06","slug":"le-panneau-a-questions","status":"publish","type":"post","link":"https:\/\/sentiernaturemontmelas.fr\/index.php\/2022\/04\/14\/le-panneau-a-questions\/","title":{"rendered":"Le panneau \u00e0 questions"},"content":{"rendered":"\n<p> Hier, nous sommes all\u00e9s au sentier et nous avons travaill\u00e9 sur les panneaux des oiseaux. Nous avions une feuille et les \u00e9l\u00e8ves devaient inventer des questions ouvertes, des questions ferm\u00e9es, des \u00ab\u00a0vrai ou faux\u00a0\u00bb. <\/p>\n\n\n\n<p>Par exemple Lila-May et Quentin travaillaient sur le moineau . Ils devaient aller chercher le panneau de celui-ci et ils avaient une question ouverte facile \u00e0 inventer. Par exemple,  \u00ab\u00a0il mesure 15 cm\u00a0\u00bb  et bien, ils devaient \u00e9crire la question \u00ab\u00a0combien mesure t&rsquo;il ?\u00a0\u00bb et sur la feuille r\u00e9ponse, ils ont mis  \u00ab\u00a015 cm\u00a0\u00bb .  <\/p>\n\n\n\n<figure class=\"wp-block-image size-large is-resized\"><img loading=\"lazy\" decoding=\"async\" src=\"https:\/\/sentiernaturemontmelas.fr\/wp-content\/uploads\/2022\/04\/IMG_2310-1024x768.jpg\" alt=\"\" class=\"wp-image-1994\" width=\"504\" height=\"377\" srcset=\"https:\/\/sentiernaturemontmelas.fr\/wp-content\/uploads\/2022\/04\/IMG_2310-1024x768.jpg 1024w, https:\/\/sentiernaturemontmelas.fr\/wp-content\/uploads\/2022\/04\/IMG_2310-300x225.jpg 300w, https:\/\/sentiernaturemontmelas.fr\/wp-content\/uploads\/2022\/04\/IMG_2310-768x576.jpg 768w, https:\/\/sentiernaturemontmelas.fr\/wp-content\/uploads\/2022\/04\/IMG_2310-1536x1152.jpg 1536w, https:\/\/sentiernaturemontmelas.fr\/wp-content\/uploads\/2022\/04\/IMG_2310-2048x1536.jpg 2048w\" sizes=\"(max-width: 504px) 100vw, 504px\" \/><figcaption>Voila un \u00e9l\u00e8ve sur son panneau    <\/figcaption><\/figure>\n\n\n\n<p>Nous, nous avons pris en photos les mangeoires et les nichoirs , nous avons observ\u00e9 le printemps, le merisier \u00e9tait en fleurs, c&rsquo;\u00e9tait magnifique ! \ud83e\udd29<\/p>\n\n\n\n<figure class=\"wp-block-image size-large is-resized\"><img loading=\"lazy\" decoding=\"async\" src=\"https:\/\/sentiernaturemontmelas.fr\/wp-content\/uploads\/2022\/04\/IMG_2321-1024x768.jpg\" alt=\"\" class=\"wp-image-1992\" width=\"517\" height=\"387\" srcset=\"https:\/\/sentiernaturemontmelas.fr\/wp-content\/uploads\/2022\/04\/IMG_2321-1024x768.jpg 1024w, https:\/\/sentiernaturemontmelas.fr\/wp-content\/uploads\/2022\/04\/IMG_2321-300x225.jpg 300w, https:\/\/sentiernaturemontmelas.fr\/wp-content\/uploads\/2022\/04\/IMG_2321-768x576.jpg 768w, https:\/\/sentiernaturemontmelas.fr\/wp-content\/uploads\/2022\/04\/IMG_2321-1536x1152.jpg 1536w, https:\/\/sentiernaturemontmelas.fr\/wp-content\/uploads\/2022\/04\/IMG_2321-2048x1536.jpg 2048w\" sizes=\"(max-width: 517px) 100vw, 517px\" \/><figcaption>le printemps sur le merisier<\/figcaption><\/figure>\n\n\n\n<p><\/p>\n\n\n\n<figure class=\"wp-block-image size-large is-resized\"><img loading=\"lazy\" decoding=\"async\" src=\"https:\/\/sentiernaturemontmelas.fr\/wp-content\/uploads\/2022\/04\/IMG_2324-1-1024x768.jpg\" alt=\"\" class=\"wp-image-1995\" width=\"451\" height=\"338\" srcset=\"https:\/\/sentiernaturemontmelas.fr\/wp-content\/uploads\/2022\/04\/IMG_2324-1-1024x768.jpg 1024w, https:\/\/sentiernaturemontmelas.fr\/wp-content\/uploads\/2022\/04\/IMG_2324-1-300x225.jpg 300w, https:\/\/sentiernaturemontmelas.fr\/wp-content\/uploads\/2022\/04\/IMG_2324-1-768x576.jpg 768w, https:\/\/sentiernaturemontmelas.fr\/wp-content\/uploads\/2022\/04\/IMG_2324-1.jpg 1280w\" sizes=\"(max-width: 451px) 100vw, 451px\" \/><\/figure>\n\n\n\n<p>L\u2019avis des \u00e9l\u00e8ves :<\/p>\n\n\n\n<p>Cl\u00e9ment : J&rsquo;ai bien aim\u00e9 car j&rsquo;aime inventer les questions sur les panneaux !<\/p>\n\n\n\n<p>Toineau : J&rsquo;ai bien aim\u00e9 r\u00e9pondre aux questions sur la buse car j&rsquo;adore ce rapace !<\/p>\n","protected":false},"excerpt":{"rendered":"<p>Hier, nous sommes all\u00e9s au sentier et nous avons travaill\u00e9 sur les panneaux des oiseaux. Nous avions une feuille et les \u00e9l\u00e8ves devaient inventer des questions ouvertes, des questions ferm\u00e9es, des \u00ab\u00a0vrai ou faux\u00a0\u00bb. Par exemple Lila-May et Quentin travaillaient sur le moineau . Ils devaient aller chercher le panneau de celui-ci et ils avaient &hellip; <\/p>\n<p class=\"link-more\"><a href=\"https:\/\/sentiernaturemontmelas.fr\/index.php\/2022\/04\/14\/le-panneau-a-questions\/\" class=\"more-link\">Continuer la lecture<span class=\"screen-reader-text\"> de &laquo;&nbsp;Le panneau \u00e0 questions&nbsp;&raquo;<\/span><\/a><\/p>\n","protected":false},"author":3,"featured_media":0,"comment_status":"open","ping_status":"open","sticky":false,"template":"","format":"standard","meta":{"footnotes":""},"categories":[1],"tags":[],"_links":{"self":[{"href":"https:\/\/sentiernaturemontmelas.fr\/index.php\/wp-json\/wp\/v2\/posts\/1989"}],"collection":[{"href":"https:\/\/sentiernaturemontmelas.fr\/index.php\/wp-json\/wp\/v2\/posts"}],"about":[{"href":"https:\/\/sentiernaturemontmelas.fr\/index.php\/wp-json\/wp\/v2\/types\/post"}],"author":[{"embeddable":true,"href":"https:\/\/sentiernaturemontmelas.fr\/index.php\/wp-json\/wp\/v2\/users\/3"}],"replies":[{"embeddable":true,"href":"https:\/\/sentiernaturemontmelas.fr\/index.php\/wp-json\/wp\/v2\/comments?post=1989"}],"version-history":[{"count":5,"href":"https:\/\/sentiernaturemontmelas.fr\/index.php\/wp-json\/wp\/v2\/posts\/1989\/revisions"}],"predecessor-version":[{"id":1999,"href":"https:\/\/sentiernaturemontmelas.fr\/index.php\/wp-json\/wp\/v2\/posts\/1989\/revisions\/1999"}],"wp:attachment":[{"href":"https:\/\/sentiernaturemontmelas.fr\/index.php\/wp-json\/wp\/v2\/media?parent=1989"}],"wp:term":[{"taxonomy":"category","embeddable":true,"href":"https:\/\/sentiernaturemontmelas.fr\/index.php\/wp-json\/wp\/v2\/categories?post=1989"},{"taxonomy":"post_tag","embeddable":true,"href":"https:\/\/sentiernaturemontmelas.fr\/index.php\/wp-json\/wp\/v2\/tags?post=1989"}],"curies":[{"name":"wp","href":"https:\/\/api.w.org\/{rel}","templated":true}]}}