{"id":2020,"date":"2022-05-17T10:54:05","date_gmt":"2022-05-17T08:54:05","guid":{"rendered":"http:\/\/sentiernaturemontmelas.fr\/?p=2020"},"modified":"2022-05-17T10:54:05","modified_gmt":"2022-05-17T08:54:05","slug":"cache-cache-plantes","status":"publish","type":"post","link":"https:\/\/sentiernaturemontmelas.fr\/index.php\/2022\/05\/17\/cache-cache-plantes\/","title":{"rendered":"Cache-cache plantes !"},"content":{"rendered":"\n<p>Lundi 8 mai, nous sommes all\u00e9s sur le sentier nature. Nous avons travaill\u00e9 sur les plantes en deux parties. En premier, David nous a donn\u00e9 une fiche \u00e0 chacun sur les plantes. On devait trouver la plante qu&rsquo;on avait et la lui montrer. Apr\u00e8s on faisait un arc de cercle autour de la plante, l&rsquo;enfant nous disait des renseignements dessus. <\/p>\n\n\n\n<p>Exemple : In\u00e8s Paget avait la fiche du plantain, elle en a vu, elle nous l&rsquo;a montr\u00e9 et elle a lu les renseignements dessus. <\/p>\n\n\n\n<p>Pour la deuxi\u00e8me partie,  nous devions repasser les plantes qu&rsquo;on connaissait et quand on avait fini, on allait le dire \u00e0 David et il  nous disait une plante et on devait aller la chercher.<\/p>\n\n\n\n<p>Apr\u00e8s, on est tous rentr\u00e9s en courant ! <\/p>\n\n\n\n<p>                                L\u2019avis d&rsquo;un \u00e9l\u00e8ve :<\/p>\n\n\n\n<p>L\u00e9ane : J&rsquo;ai bien aim\u00e9 car j&rsquo;aime les plantes sauvages !<\/p>\n\n\n\n<p> <\/p>\n\n\n\n<p>Lila-May et Quentin !!!<\/p>\n\n\n\n<p><\/p>\n\n\n\n<p><\/p>\n\n\n\n<p><\/p>\n\n\n\n<p><\/p>\n\n\n\n<p><\/p>\n\n\n\n<p><\/p>\n\n\n\n<p><\/p>\n\n\n\n<p><\/p>\n\n\n\n<p><\/p>\n\n\n\n<p><\/p>\n\n\n\n<p><\/p>\n\n\n\n<p><\/p>\n\n\n\n<p><\/p>\n\n\n\n<p><\/p>\n\n\n\n<p><\/p>\n\n\n\n<p><\/p>\n\n\n\n<p><\/p>\n\n\n\n<p><\/p>\n\n\n\n<p><\/p>\n\n\n\n<p><\/p>\n\n\n\n<p><\/p>\n\n\n\n<p><\/p>\n\n\n\n<p><\/p>\n\n\n\n<p><\/p>\n\n\n\n<p><\/p>\n\n\n\n<p><\/p>\n\n\n\n<p><\/p>\n\n\n\n<p><\/p>\n\n\n\n<p><\/p>\n\n\n\n<p><\/p>\n\n\n\n<p><\/p>\n\n\n\n<p><\/p>\n\n\n\n<p><\/p>\n\n\n\n<p>                                                                                                                                                 <\/p>\n","protected":false},"excerpt":{"rendered":"<p>Lundi 8 mai, nous sommes all\u00e9s sur le sentier nature. Nous avons travaill\u00e9 sur les plantes en deux parties. En premier, David nous a donn\u00e9 une fiche \u00e0 chacun sur les plantes. On devait trouver la plante qu&rsquo;on avait et la lui montrer. Apr\u00e8s on faisait un arc de cercle autour de la plante, l&rsquo;enfant &hellip; <\/p>\n<p class=\"link-more\"><a href=\"https:\/\/sentiernaturemontmelas.fr\/index.php\/2022\/05\/17\/cache-cache-plantes\/\" class=\"more-link\">Continuer la lecture<span class=\"screen-reader-text\"> de &laquo;&nbsp;Cache-cache plantes !&nbsp;&raquo;<\/span><\/a><\/p>\n","protected":false},"author":3,"featured_media":0,"comment_status":"open","ping_status":"open","sticky":false,"template":"","format":"standard","meta":{"footnotes":""},"categories":[1],"tags":[],"_links":{"self":[{"href":"https:\/\/sentiernaturemontmelas.fr\/index.php\/wp-json\/wp\/v2\/posts\/2020"}],"collection":[{"href":"https:\/\/sentiernaturemontmelas.fr\/index.php\/wp-json\/wp\/v2\/posts"}],"about":[{"href":"https:\/\/sentiernaturemontmelas.fr\/index.php\/wp-json\/wp\/v2\/types\/post"}],"author":[{"embeddable":true,"href":"https:\/\/sentiernaturemontmelas.fr\/index.php\/wp-json\/wp\/v2\/users\/3"}],"replies":[{"embeddable":true,"href":"https:\/\/sentiernaturemontmelas.fr\/index.php\/wp-json\/wp\/v2\/comments?post=2020"}],"version-history":[{"count":5,"href":"https:\/\/sentiernaturemontmelas.fr\/index.php\/wp-json\/wp\/v2\/posts\/2020\/revisions"}],"predecessor-version":[{"id":2026,"href":"https:\/\/sentiernaturemontmelas.fr\/index.php\/wp-json\/wp\/v2\/posts\/2020\/revisions\/2026"}],"wp:attachment":[{"href":"https:\/\/sentiernaturemontmelas.fr\/index.php\/wp-json\/wp\/v2\/media?parent=2020"}],"wp:term":[{"taxonomy":"category","embeddable":true,"href":"https:\/\/sentiernaturemontmelas.fr\/index.php\/wp-json\/wp\/v2\/categories?post=2020"},{"taxonomy":"post_tag","embeddable":true,"href":"https:\/\/sentiernaturemontmelas.fr\/index.php\/wp-json\/wp\/v2\/tags?post=2020"}],"curies":[{"name":"wp","href":"https:\/\/api.w.org\/{rel}","templated":true}]}}