{"id":2088,"date":"2022-06-24T15:39:16","date_gmt":"2022-06-24T13:39:16","guid":{"rendered":"http:\/\/sentiernaturemontmelas.fr\/?p=2088"},"modified":"2022-06-24T15:39:16","modified_gmt":"2022-06-24T13:39:16","slug":"levez-les-yeux-sur-le-parcours-oiseaux","status":"publish","type":"post","link":"https:\/\/sentiernaturemontmelas.fr\/index.php\/2022\/06\/24\/levez-les-yeux-sur-le-parcours-oiseaux\/","title":{"rendered":"Levez les yeux sur le parcours oiseaux"},"content":{"rendered":"\n<p>Jeudi 24 juin, une petite \u00e9quipe s&rsquo;est rendue sur le sentier nature pour entretenir et enrichir le sentier nature de magnifiques oiseaux.<\/p>\n\n\n\n<p>Grandeur nature, ces magnifiques volatiles ont \u00e9t\u00e9 r\u00e9alis\u00e9s par les \u00e9l\u00e8ves de la classe de cycle 3 avec l&rsquo;aide de Sarah.<\/p>\n\n\n\n<p>N&rsquo;h\u00e9sitez pas \u00e0 aller vous promener sur le sentier pour admirer ces belles r\u00e9alisations !<\/p>\n\n\n\n<p><\/p>\n\n\n\n<figure class=\"wp-block-gallery columns-3 is-cropped wp-block-gallery-1 is-layout-flex wp-block-gallery-is-layout-flex\"><ul class=\"blocks-gallery-grid\"><li class=\"blocks-gallery-item\"><figure><img loading=\"lazy\" decoding=\"async\" width=\"768\" height=\"1024\" src=\"http:\/\/sentiernaturemontmelas.fr\/wp-content\/uploads\/2022\/06\/IMG_3050-1-768x1024.jpg\" alt=\"\" data-id=\"2089\" data-full-url=\"http:\/\/sentiernaturemontmelas.fr\/wp-content\/uploads\/2022\/06\/IMG_3050-1-scaled.jpg\" data-link=\"http:\/\/sentiernaturemontmelas.fr\/?attachment_id=2089\" class=\"wp-image-2089\" srcset=\"https:\/\/sentiernaturemontmelas.fr\/wp-content\/uploads\/2022\/06\/IMG_3050-1-768x1024.jpg 768w, https:\/\/sentiernaturemontmelas.fr\/wp-content\/uploads\/2022\/06\/IMG_3050-1-225x300.jpg 225w, https:\/\/sentiernaturemontmelas.fr\/wp-content\/uploads\/2022\/06\/IMG_3050-1-1152x1536.jpg 1152w, https:\/\/sentiernaturemontmelas.fr\/wp-content\/uploads\/2022\/06\/IMG_3050-1-1536x2048.jpg 1536w, https:\/\/sentiernaturemontmelas.fr\/wp-content\/uploads\/2022\/06\/IMG_3050-1-scaled.jpg 1920w\" sizes=\"(max-width: 706px) 89vw, (max-width: 767px) 82vw, 740px\" \/><\/figure><\/li><li class=\"blocks-gallery-item\"><figure><img loading=\"lazy\" decoding=\"async\" width=\"768\" height=\"1024\" src=\"http:\/\/sentiernaturemontmelas.fr\/wp-content\/uploads\/2022\/06\/IMG_3053-1-768x1024.jpg\" alt=\"\" data-id=\"2090\" data-full-url=\"http:\/\/sentiernaturemontmelas.fr\/wp-content\/uploads\/2022\/06\/IMG_3053-1-scaled.jpg\" data-link=\"http:\/\/sentiernaturemontmelas.fr\/?attachment_id=2090\" class=\"wp-image-2090\" srcset=\"https:\/\/sentiernaturemontmelas.fr\/wp-content\/uploads\/2022\/06\/IMG_3053-1-768x1024.jpg 768w, https:\/\/sentiernaturemontmelas.fr\/wp-content\/uploads\/2022\/06\/IMG_3053-1-225x300.jpg 225w, https:\/\/sentiernaturemontmelas.fr\/wp-content\/uploads\/2022\/06\/IMG_3053-1-1152x1536.jpg 1152w, https:\/\/sentiernaturemontmelas.fr\/wp-content\/uploads\/2022\/06\/IMG_3053-1-1536x2048.jpg 1536w, https:\/\/sentiernaturemontmelas.fr\/wp-content\/uploads\/2022\/06\/IMG_3053-1-scaled.jpg 1920w\" sizes=\"(max-width: 706px) 89vw, (max-width: 767px) 82vw, 740px\" \/><\/figure><\/li><li class=\"blocks-gallery-item\"><figure><img loading=\"lazy\" decoding=\"async\" width=\"768\" height=\"1024\" src=\"http:\/\/sentiernaturemontmelas.fr\/wp-content\/uploads\/2022\/06\/IMG_3055-1-768x1024.jpg\" alt=\"\" data-id=\"2092\" data-full-url=\"http:\/\/sentiernaturemontmelas.fr\/wp-content\/uploads\/2022\/06\/IMG_3055-1-scaled.jpg\" data-link=\"http:\/\/sentiernaturemontmelas.fr\/?attachment_id=2092\" class=\"wp-image-2092\" srcset=\"https:\/\/sentiernaturemontmelas.fr\/wp-content\/uploads\/2022\/06\/IMG_3055-1-768x1024.jpg 768w, https:\/\/sentiernaturemontmelas.fr\/wp-content\/uploads\/2022\/06\/IMG_3055-1-225x300.jpg 225w, https:\/\/sentiernaturemontmelas.fr\/wp-content\/uploads\/2022\/06\/IMG_3055-1-1152x1536.jpg 1152w, https:\/\/sentiernaturemontmelas.fr\/wp-content\/uploads\/2022\/06\/IMG_3055-1-1536x2048.jpg 1536w, https:\/\/sentiernaturemontmelas.fr\/wp-content\/uploads\/2022\/06\/IMG_3055-1-scaled.jpg 1920w\" sizes=\"(max-width: 706px) 89vw, (max-width: 767px) 82vw, 740px\" \/><\/figure><\/li><li class=\"blocks-gallery-item\"><figure><img loading=\"lazy\" decoding=\"async\" width=\"768\" height=\"1024\" src=\"http:\/\/sentiernaturemontmelas.fr\/wp-content\/uploads\/2022\/06\/IMG_3057-1-768x1024.jpg\" alt=\"\" data-id=\"2093\" data-full-url=\"http:\/\/sentiernaturemontmelas.fr\/wp-content\/uploads\/2022\/06\/IMG_3057-1-scaled.jpg\" data-link=\"http:\/\/sentiernaturemontmelas.fr\/?attachment_id=2093\" class=\"wp-image-2093\" srcset=\"https:\/\/sentiernaturemontmelas.fr\/wp-content\/uploads\/2022\/06\/IMG_3057-1-768x1024.jpg 768w, https:\/\/sentiernaturemontmelas.fr\/wp-content\/uploads\/2022\/06\/IMG_3057-1-225x300.jpg 225w, https:\/\/sentiernaturemontmelas.fr\/wp-content\/uploads\/2022\/06\/IMG_3057-1-1152x1536.jpg 1152w, https:\/\/sentiernaturemontmelas.fr\/wp-content\/uploads\/2022\/06\/IMG_3057-1-1536x2048.jpg 1536w, https:\/\/sentiernaturemontmelas.fr\/wp-content\/uploads\/2022\/06\/IMG_3057-1-scaled.jpg 1920w\" sizes=\"(max-width: 706px) 89vw, (max-width: 767px) 82vw, 740px\" \/><\/figure><\/li><li class=\"blocks-gallery-item\"><figure><img loading=\"lazy\" decoding=\"async\" width=\"768\" height=\"1024\" src=\"http:\/\/sentiernaturemontmelas.fr\/wp-content\/uploads\/2022\/06\/IMG_3061-2-768x1024.jpg\" alt=\"\" data-id=\"2094\" data-full-url=\"http:\/\/sentiernaturemontmelas.fr\/wp-content\/uploads\/2022\/06\/IMG_3061-2-scaled.jpg\" data-link=\"http:\/\/sentiernaturemontmelas.fr\/?attachment_id=2094\" class=\"wp-image-2094\" srcset=\"https:\/\/sentiernaturemontmelas.fr\/wp-content\/uploads\/2022\/06\/IMG_3061-2-768x1024.jpg 768w, https:\/\/sentiernaturemontmelas.fr\/wp-content\/uploads\/2022\/06\/IMG_3061-2-225x300.jpg 225w, https:\/\/sentiernaturemontmelas.fr\/wp-content\/uploads\/2022\/06\/IMG_3061-2-1152x1536.jpg 1152w, https:\/\/sentiernaturemontmelas.fr\/wp-content\/uploads\/2022\/06\/IMG_3061-2-1536x2048.jpg 1536w, https:\/\/sentiernaturemontmelas.fr\/wp-content\/uploads\/2022\/06\/IMG_3061-2-scaled.jpg 1920w\" sizes=\"(max-width: 706px) 89vw, (max-width: 767px) 82vw, 740px\" \/><\/figure><\/li><li class=\"blocks-gallery-item\"><figure><img loading=\"lazy\" decoding=\"async\" width=\"768\" height=\"1024\" src=\"http:\/\/sentiernaturemontmelas.fr\/wp-content\/uploads\/2022\/06\/IMG_3062-768x1024.jpg\" alt=\"\" data-id=\"2095\" data-full-url=\"http:\/\/sentiernaturemontmelas.fr\/wp-content\/uploads\/2022\/06\/IMG_3062-scaled.jpg\" data-link=\"http:\/\/sentiernaturemontmelas.fr\/?attachment_id=2095\" class=\"wp-image-2095\" srcset=\"https:\/\/sentiernaturemontmelas.fr\/wp-content\/uploads\/2022\/06\/IMG_3062-768x1024.jpg 768w, https:\/\/sentiernaturemontmelas.fr\/wp-content\/uploads\/2022\/06\/IMG_3062-225x300.jpg 225w, https:\/\/sentiernaturemontmelas.fr\/wp-content\/uploads\/2022\/06\/IMG_3062-1152x1536.jpg 1152w, https:\/\/sentiernaturemontmelas.fr\/wp-content\/uploads\/2022\/06\/IMG_3062-1536x2048.jpg 1536w, https:\/\/sentiernaturemontmelas.fr\/wp-content\/uploads\/2022\/06\/IMG_3062-scaled.jpg 1920w\" sizes=\"(max-width: 706px) 89vw, (max-width: 767px) 82vw, 740px\" \/><\/figure><\/li><li class=\"blocks-gallery-item\"><figure><img loading=\"lazy\" decoding=\"async\" width=\"1024\" height=\"768\" src=\"http:\/\/sentiernaturemontmelas.fr\/wp-content\/uploads\/2022\/06\/IMG_3063-1024x768.jpg\" alt=\"\" data-id=\"2096\" data-full-url=\"http:\/\/sentiernaturemontmelas.fr\/wp-content\/uploads\/2022\/06\/IMG_3063-scaled.jpg\" data-link=\"http:\/\/sentiernaturemontmelas.fr\/?attachment_id=2096\" class=\"wp-image-2096\" srcset=\"https:\/\/sentiernaturemontmelas.fr\/wp-content\/uploads\/2022\/06\/IMG_3063-1024x768.jpg 1024w, https:\/\/sentiernaturemontmelas.fr\/wp-content\/uploads\/2022\/06\/IMG_3063-300x225.jpg 300w, https:\/\/sentiernaturemontmelas.fr\/wp-content\/uploads\/2022\/06\/IMG_3063-768x576.jpg 768w, https:\/\/sentiernaturemontmelas.fr\/wp-content\/uploads\/2022\/06\/IMG_3063-1536x1152.jpg 1536w, https:\/\/sentiernaturemontmelas.fr\/wp-content\/uploads\/2022\/06\/IMG_3063-2048x1536.jpg 2048w\" sizes=\"(max-width: 706px) 89vw, (max-width: 767px) 82vw, 740px\" \/><figcaption class=\"blocks-gallery-item__caption\">ici voici la m\u00e9sange<\/figcaption><\/figure><\/li><\/ul><\/figure>\n\n\n\n<figure class=\"wp-block-gallery columns-1 is-cropped wp-block-gallery-2 is-layout-flex wp-block-gallery-is-layout-flex\"><ul class=\"blocks-gallery-grid\"><li class=\"blocks-gallery-item\"><figure><img loading=\"lazy\" decoding=\"async\" width=\"1024\" height=\"768\" src=\"http:\/\/sentiernaturemontmelas.fr\/wp-content\/uploads\/2022\/06\/IMG_3064-1024x768.jpg\" alt=\"\" data-id=\"2091\" data-full-url=\"http:\/\/sentiernaturemontmelas.fr\/wp-content\/uploads\/2022\/06\/IMG_3064-scaled.jpg\" data-link=\"http:\/\/sentiernaturemontmelas.fr\/?attachment_id=2091\" class=\"wp-image-2091\" srcset=\"https:\/\/sentiernaturemontmelas.fr\/wp-content\/uploads\/2022\/06\/IMG_3064-1024x768.jpg 1024w, https:\/\/sentiernaturemontmelas.fr\/wp-content\/uploads\/2022\/06\/IMG_3064-300x225.jpg 300w, https:\/\/sentiernaturemontmelas.fr\/wp-content\/uploads\/2022\/06\/IMG_3064-768x576.jpg 768w, https:\/\/sentiernaturemontmelas.fr\/wp-content\/uploads\/2022\/06\/IMG_3064-1536x1152.jpg 1536w, https:\/\/sentiernaturemontmelas.fr\/wp-content\/uploads\/2022\/06\/IMG_3064-2048x1536.jpg 2048w\" sizes=\"(max-width: 706px) 89vw, (max-width: 767px) 82vw, 740px\" \/><figcaption class=\"blocks-gallery-item__caption\">la il y a cl\u00e9ment ( moi ) qui accroche un oiseau <br> <\/figcaption><\/figure><\/li><\/ul><\/figure>\n\n\n\n<figure class=\"wp-block-gallery columns-2 is-cropped wp-block-gallery-3 is-layout-flex wp-block-gallery-is-layout-flex\"><ul class=\"blocks-gallery-grid\"><li class=\"blocks-gallery-item\"><figure><img loading=\"lazy\" decoding=\"async\" width=\"768\" height=\"1024\" src=\"http:\/\/sentiernaturemontmelas.fr\/wp-content\/uploads\/2022\/06\/IMG_3065-768x1024.jpg\" alt=\"\" data-id=\"2097\" data-full-url=\"http:\/\/sentiernaturemontmelas.fr\/wp-content\/uploads\/2022\/06\/IMG_3065-scaled.jpg\" data-link=\"http:\/\/sentiernaturemontmelas.fr\/?attachment_id=2097\" class=\"wp-image-2097\" srcset=\"https:\/\/sentiernaturemontmelas.fr\/wp-content\/uploads\/2022\/06\/IMG_3065-768x1024.jpg 768w, https:\/\/sentiernaturemontmelas.fr\/wp-content\/uploads\/2022\/06\/IMG_3065-225x300.jpg 225w, https:\/\/sentiernaturemontmelas.fr\/wp-content\/uploads\/2022\/06\/IMG_3065-1152x1536.jpg 1152w, https:\/\/sentiernaturemontmelas.fr\/wp-content\/uploads\/2022\/06\/IMG_3065-1536x2048.jpg 1536w, https:\/\/sentiernaturemontmelas.fr\/wp-content\/uploads\/2022\/06\/IMG_3065-scaled.jpg 1920w\" sizes=\"(max-width: 706px) 89vw, (max-width: 767px) 82vw, 740px\" \/><figcaption class=\"blocks-gallery-item__caption\">ici la buse<\/figcaption><\/figure><\/li><li class=\"blocks-gallery-item\"><figure><img loading=\"lazy\" decoding=\"async\" width=\"1024\" height=\"768\" src=\"http:\/\/sentiernaturemontmelas.fr\/wp-content\/uploads\/2022\/06\/IMG_3068-1024x768.jpg\" alt=\"\" data-id=\"2099\" data-full-url=\"http:\/\/sentiernaturemontmelas.fr\/wp-content\/uploads\/2022\/06\/IMG_3068-scaled.jpg\" data-link=\"http:\/\/sentiernaturemontmelas.fr\/?attachment_id=2099\" class=\"wp-image-2099\" srcset=\"https:\/\/sentiernaturemontmelas.fr\/wp-content\/uploads\/2022\/06\/IMG_3068-1024x768.jpg 1024w, https:\/\/sentiernaturemontmelas.fr\/wp-content\/uploads\/2022\/06\/IMG_3068-300x225.jpg 300w, https:\/\/sentiernaturemontmelas.fr\/wp-content\/uploads\/2022\/06\/IMG_3068-768x576.jpg 768w, https:\/\/sentiernaturemontmelas.fr\/wp-content\/uploads\/2022\/06\/IMG_3068-1536x1152.jpg 1536w, https:\/\/sentiernaturemontmelas.fr\/wp-content\/uploads\/2022\/06\/IMG_3068-2048x1536.jpg 2048w\" sizes=\"(max-width: 706px) 89vw, (max-width: 767px) 82vw, 740px\" \/><figcaption class=\"blocks-gallery-item__caption\">et la voici l&rsquo;\u00e9pervier<\/figcaption><\/figure><\/li><\/ul><\/figure>\n\n\n\n<figure class=\"wp-block-image size-large\"><img loading=\"lazy\" decoding=\"async\" width=\"1024\" height=\"768\" src=\"http:\/\/sentiernaturemontmelas.fr\/wp-content\/uploads\/2022\/06\/IMG_3070-1-1024x768.jpg\" alt=\"\" class=\"wp-image-2098\" srcset=\"https:\/\/sentiernaturemontmelas.fr\/wp-content\/uploads\/2022\/06\/IMG_3070-1-1024x768.jpg 1024w, https:\/\/sentiernaturemontmelas.fr\/wp-content\/uploads\/2022\/06\/IMG_3070-1-300x225.jpg 300w, https:\/\/sentiernaturemontmelas.fr\/wp-content\/uploads\/2022\/06\/IMG_3070-1-768x576.jpg 768w, https:\/\/sentiernaturemontmelas.fr\/wp-content\/uploads\/2022\/06\/IMG_3070-1-1536x1152.jpg 1536w, https:\/\/sentiernaturemontmelas.fr\/wp-content\/uploads\/2022\/06\/IMG_3070-1-2048x1536.jpg 2048w\" sizes=\"(max-width: 706px) 89vw, (max-width: 767px) 82vw, 740px\" \/><figcaption>voici l&rsquo;\u00e9quipe de parent et d&rsquo;enfants \ud83d\ude09\ud83d\ude0b<\/figcaption><\/figure>\n\n\n\n<p>Cl\u00e9ment et David <\/p>\n","protected":false},"excerpt":{"rendered":"<p>Jeudi 24 juin, une petite \u00e9quipe s&rsquo;est rendue sur le sentier nature pour entretenir et enrichir le sentier nature de magnifiques oiseaux. Grandeur nature, ces magnifiques volatiles ont \u00e9t\u00e9 r\u00e9alis\u00e9s par les \u00e9l\u00e8ves de la classe de cycle 3 avec l&rsquo;aide de Sarah. N&rsquo;h\u00e9sitez pas \u00e0 aller vous promener sur le sentier pour admirer ces &hellip; <\/p>\n<p class=\"link-more\"><a href=\"https:\/\/sentiernaturemontmelas.fr\/index.php\/2022\/06\/24\/levez-les-yeux-sur-le-parcours-oiseaux\/\" class=\"more-link\">Continuer la lecture<span class=\"screen-reader-text\"> de &laquo;&nbsp;Levez les yeux sur le parcours oiseaux&nbsp;&raquo;<\/span><\/a><\/p>\n","protected":false},"author":1,"featured_media":0,"comment_status":"open","ping_status":"open","sticky":false,"template":"","format":"standard","meta":{"footnotes":""},"categories":[1],"tags":[],"_links":{"self":[{"href":"https:\/\/sentiernaturemontmelas.fr\/index.php\/wp-json\/wp\/v2\/posts\/2088"}],"collection":[{"href":"https:\/\/sentiernaturemontmelas.fr\/index.php\/wp-json\/wp\/v2\/posts"}],"about":[{"href":"https:\/\/sentiernaturemontmelas.fr\/index.php\/wp-json\/wp\/v2\/types\/post"}],"author":[{"embeddable":true,"href":"https:\/\/sentiernaturemontmelas.fr\/index.php\/wp-json\/wp\/v2\/users\/1"}],"replies":[{"embeddable":true,"href":"https:\/\/sentiernaturemontmelas.fr\/index.php\/wp-json\/wp\/v2\/comments?post=2088"}],"version-history":[{"count":1,"href":"https:\/\/sentiernaturemontmelas.fr\/index.php\/wp-json\/wp\/v2\/posts\/2088\/revisions"}],"predecessor-version":[{"id":2100,"href":"https:\/\/sentiernaturemontmelas.fr\/index.php\/wp-json\/wp\/v2\/posts\/2088\/revisions\/2100"}],"wp:attachment":[{"href":"https:\/\/sentiernaturemontmelas.fr\/index.php\/wp-json\/wp\/v2\/media?parent=2088"}],"wp:term":[{"taxonomy":"category","embeddable":true,"href":"https:\/\/sentiernaturemontmelas.fr\/index.php\/wp-json\/wp\/v2\/categories?post=2088"},{"taxonomy":"post_tag","embeddable":true,"href":"https:\/\/sentiernaturemontmelas.fr\/index.php\/wp-json\/wp\/v2\/tags?post=2088"}],"curies":[{"name":"wp","href":"https:\/\/api.w.org\/{rel}","templated":true}]}}