{"id":23,"date":"2019-03-13T08:57:00","date_gmt":"2019-03-13T07:57:00","guid":{"rendered":""},"modified":"2019-10-15T16:27:38","modified_gmt":"2019-10-15T14:27:38","slug":"la-geologie-avec-alexandre","status":"publish","type":"post","link":"https:\/\/sentiernaturemontmelas.fr\/index.php\/2019\/03\/13\/la-geologie-avec-alexandre\/","title":{"rendered":"La g\u00e9ologie avec Alexandre."},"content":{"rendered":"<div style=\"background-color: white; color: #222222; font-family: Arial, Helvetica, sans-serif;\"><span style=\"font-size: x-small;\">&nbsp;<\/span>Mardi 5 mars, Alexandre, g\u00e9ologue au G\u00e9opark est venu nous faire une s\u00e9ance de g\u00e9ologie.<\/div>\n<div style=\"background-color: white; color: #222222; font-family: Arial, Helvetica, sans-serif;\">Nous avons commenc\u00e9 par tous avoir une fiche avec 3 cartes ( IGN, a\u00e9rienne et g\u00e9ologique)&nbsp; &nbsp;sur lesquelles \u00e9taient not\u00e9es 3 endroits de Montmelas.<\/div>\n<div style=\"background-color: white; color: #222222; font-family: Arial, Helvetica, sans-serif;\"><\/div>\n<div style=\"background-color: white; color: #222222; font-family: Arial, Helvetica, sans-serif;\">Nous sommes partis carte en main pour rejoindre le premier arr\u00eat qui \u00e9tait proche du cimeti\u00e8re. Nous avons cass\u00e9 la roche \u00e0 l&rsquo;aide d&rsquo;un marteau et nous portions&nbsp; des lunettes de protection. Nous avons extrait chacun une petite pierre. Nous avions une feuille \u00e0 remplir o\u00f9 des questions \u00e9taient pos\u00e9es : la couleur de la pierre, sa duret\u00e9, est elle compos\u00e9 de petits grains ?. Nous avons utilis\u00e9 des loupes pour mieux observer.<\/div>\n<div style=\"background-color: white; color: #222222; font-family: Arial, Helvetica, sans-serif;\">Nous avons fait la m\u00eame chose sur le deuxi\u00e8me arr\u00eat (de l&rsquo;autre cot\u00e9 du cimeti\u00e8re) et le troisi\u00e8me (sur le sentier vers les tables d&rsquo;orientation).<\/div>\n<div style=\"background-color: white; color: #222222; font-family: Arial, Helvetica, sans-serif;\">Puis, nous sommes rentr\u00e9s et nous avons fait des exp\u00e9riences chimiques sur les deux premi\u00e8res pierres et valid\u00e9 leurs caract\u00e9ristiques et leurs noms: pierre m\u00e9tamorphique et pierre volcanique\u00a0\u00bb<\/div>\n<div style=\"background-color: white; color: #222222; font-family: Arial, Helvetica, sans-serif;\">On a beaucoup aim\u00e9 !<\/div>\n<div style=\"background-color: white; color: #222222; font-family: Arial, Helvetica, sans-serif;\"><\/div>\n<div style=\"background-color: white; color: #222222; font-family: Arial, Helvetica, sans-serif;\">Alexandre reviendra pour deux autres s\u00e9ances au mois de mars.<\/div>\n<div style=\"background-color: white; color: #222222; font-family: Arial, Helvetica, sans-serif;\"><\/div>\n<div style=\"background-color: white; color: #222222; font-family: Arial, Helvetica, sans-serif;\"><b>Ilian<\/b><\/p>\n<div style=\"clear: both; text-align: center;\"><a href=\"http:\/\/sentiernaturemontmelas.fr\/wp-content\/uploads\/2019\/03\/geologie-2B5-2Bmars-2B2019-2B008.jpg\" style=\"margin-left: 1em; margin-right: 1em;\"><img loading=\"lazy\" decoding=\"async\" border=\"0\" data-original-height=\"1200\" data-original-width=\"1600\" height=\"240\" src=\"http:\/\/sentiernaturemontmelas.fr\/wp-content\/uploads\/2019\/03\/geologie-2B5-2Bmars-2B2019-2B008-300x225.jpg\" width=\"320\" \/><\/a><\/div>\n<div style=\"clear: both; text-align: center;\"><\/div>\n<\/div>\n","protected":false},"excerpt":{"rendered":"<p>&nbsp;Mardi 5 mars, Alexandre, g\u00e9ologue au G\u00e9opark est venu nous faire une s\u00e9ance de g\u00e9ologie. Nous avons commenc\u00e9 par tous avoir une fiche avec 3 cartes ( IGN, a\u00e9rienne et g\u00e9ologique)&nbsp; &nbsp;sur lesquelles \u00e9taient not\u00e9es 3 endroits de Montmelas. Nous sommes partis carte en main pour rejoindre le premier arr\u00eat qui \u00e9tait proche du cimeti\u00e8re. &hellip; <\/p>\n<p class=\"link-more\"><a href=\"https:\/\/sentiernaturemontmelas.fr\/index.php\/2019\/03\/13\/la-geologie-avec-alexandre\/\" class=\"more-link\">Continuer la lecture<span class=\"screen-reader-text\"> de &laquo;&nbsp;La g\u00e9ologie avec Alexandre.&nbsp;&raquo;<\/span><\/a><\/p>\n","protected":false},"author":2,"featured_media":101,"comment_status":"open","ping_status":"open","sticky":false,"template":"","format":"standard","meta":{"footnotes":""},"categories":[1],"tags":[],"_links":{"self":[{"href":"https:\/\/sentiernaturemontmelas.fr\/index.php\/wp-json\/wp\/v2\/posts\/23"}],"collection":[{"href":"https:\/\/sentiernaturemontmelas.fr\/index.php\/wp-json\/wp\/v2\/posts"}],"about":[{"href":"https:\/\/sentiernaturemontmelas.fr\/index.php\/wp-json\/wp\/v2\/types\/post"}],"author":[{"embeddable":true,"href":"https:\/\/sentiernaturemontmelas.fr\/index.php\/wp-json\/wp\/v2\/users\/2"}],"replies":[{"embeddable":true,"href":"https:\/\/sentiernaturemontmelas.fr\/index.php\/wp-json\/wp\/v2\/comments?post=23"}],"version-history":[{"count":1,"href":"https:\/\/sentiernaturemontmelas.fr\/index.php\/wp-json\/wp\/v2\/posts\/23\/revisions"}],"predecessor-version":[{"id":102,"href":"https:\/\/sentiernaturemontmelas.fr\/index.php\/wp-json\/wp\/v2\/posts\/23\/revisions\/102"}],"wp:featuredmedia":[{"embeddable":true,"href":"https:\/\/sentiernaturemontmelas.fr\/index.php\/wp-json\/wp\/v2\/media\/101"}],"wp:attachment":[{"href":"https:\/\/sentiernaturemontmelas.fr\/index.php\/wp-json\/wp\/v2\/media?parent=23"}],"wp:term":[{"taxonomy":"category","embeddable":true,"href":"https:\/\/sentiernaturemontmelas.fr\/index.php\/wp-json\/wp\/v2\/categories?post=23"},{"taxonomy":"post_tag","embeddable":true,"href":"https:\/\/sentiernaturemontmelas.fr\/index.php\/wp-json\/wp\/v2\/tags?post=23"}],"curies":[{"name":"wp","href":"https:\/\/api.w.org\/{rel}","templated":true}]}}