{"id":24,"date":"2018-09-17T11:25:00","date_gmt":"2018-09-17T09:25:00","guid":{"rendered":""},"modified":"2019-10-15T16:27:38","modified_gmt":"2019-10-15T14:27:38","slug":"premiere-sortie-sur-le-sentier","status":"publish","type":"post","link":"https:\/\/sentiernaturemontmelas.fr\/index.php\/2018\/09\/17\/premiere-sortie-sur-le-sentier\/","title":{"rendered":"Premi\u00e8re sortie sur le sentier"},"content":{"rendered":"<p><span style=\"font-size: x-large;\">David explique aux \u00e9l\u00e8ves comment fonctionne le sentier.<\/span><br \/><span style=\"font-size: x-large;\">Pour le parcours&nbsp; insecte: on a fait des groupes de un ou deux \u00e9l\u00e8ves, il fallait r\u00e9pondre aux questions et chaque groupe se sp\u00e9cialisait dans un panneau. Au d\u00e9but ou \u00e0 la fin on pouvait passer en mode chasseur d&rsquo;insectes.<\/span><br \/><span style=\"font-size: x-large;\"><br \/><\/span><span style=\"font-size: x-large;\"><b>Evan<\/b><\/span><\/p>\n","protected":false},"excerpt":{"rendered":"<p>David explique aux \u00e9l\u00e8ves comment fonctionne le sentier.Pour le parcours&nbsp; insecte: on a fait des groupes de un ou deux \u00e9l\u00e8ves, il fallait r\u00e9pondre aux questions et chaque groupe se sp\u00e9cialisait dans un panneau. Au d\u00e9but ou \u00e0 la fin on pouvait passer en mode chasseur d&rsquo;insectes.Evan<\/p>\n","protected":false},"author":2,"featured_media":0,"comment_status":"open","ping_status":"open","sticky":false,"template":"","format":"standard","meta":{"footnotes":""},"categories":[1],"tags":[],"_links":{"self":[{"href":"https:\/\/sentiernaturemontmelas.fr\/index.php\/wp-json\/wp\/v2\/posts\/24"}],"collection":[{"href":"https:\/\/sentiernaturemontmelas.fr\/index.php\/wp-json\/wp\/v2\/posts"}],"about":[{"href":"https:\/\/sentiernaturemontmelas.fr\/index.php\/wp-json\/wp\/v2\/types\/post"}],"author":[{"embeddable":true,"href":"https:\/\/sentiernaturemontmelas.fr\/index.php\/wp-json\/wp\/v2\/users\/2"}],"replies":[{"embeddable":true,"href":"https:\/\/sentiernaturemontmelas.fr\/index.php\/wp-json\/wp\/v2\/comments?post=24"}],"version-history":[{"count":1,"href":"https:\/\/sentiernaturemontmelas.fr\/index.php\/wp-json\/wp\/v2\/posts\/24\/revisions"}],"predecessor-version":[{"id":103,"href":"https:\/\/sentiernaturemontmelas.fr\/index.php\/wp-json\/wp\/v2\/posts\/24\/revisions\/103"}],"wp:attachment":[{"href":"https:\/\/sentiernaturemontmelas.fr\/index.php\/wp-json\/wp\/v2\/media?parent=24"}],"wp:term":[{"taxonomy":"category","embeddable":true,"href":"https:\/\/sentiernaturemontmelas.fr\/index.php\/wp-json\/wp\/v2\/categories?post=24"},{"taxonomy":"post_tag","embeddable":true,"href":"https:\/\/sentiernaturemontmelas.fr\/index.php\/wp-json\/wp\/v2\/tags?post=24"}],"curies":[{"name":"wp","href":"https:\/\/api.w.org\/{rel}","templated":true}]}}