{"id":26,"date":"2018-06-22T09:38:00","date_gmt":"2018-06-22T07:38:00","guid":{"rendered":"http:\/\/sentiernaturemontmelas.fr\/index.php\/2018\/06\/22\/installation-des-panneaux\/"},"modified":"2018-06-22T09:38:00","modified_gmt":"2018-06-22T07:38:00","slug":"installation-des-panneaux","status":"publish","type":"post","link":"https:\/\/sentiernaturemontmelas.fr\/index.php\/2018\/06\/22\/installation-des-panneaux\/","title":{"rendered":"installation des panneaux"},"content":{"rendered":"<p><span style=\"background-color: #66bb33; color: #333333; font-family: Georgia, Utopia, 'Palatino Linotype', Palatino, serif; font-size: 14.49px; line-height: 21.735px;\">Samedi nous sommes all\u00e9s sur le sentier avec David, Jos\u00e9, Jean-Marie, Bela, Ilian, Jalis, Camille, Maxime, Emma, Gaspard et Tym\u00e9o. On a accroch\u00e9 des panneaux de direction nous avons mis une deuxi\u00e8me vis sur<\/span><br style=\"background-color: #66bb33; color: #333333; font-family: Georgia, Utopia, 'Palatino Linotype', Palatino, serif; font-size: 14.49px; line-height: 21.735px;\" \/><span style=\"background-color: #66bb33; color: #333333; font-family: Georgia, Utopia, 'Palatino Linotype', Palatino, serif; font-size: 14.49px; line-height: 21.735px;\">plusieurs panneaux pour ne pas qu&rsquo; ils tournent puis on a viss\u00e9 des panneaux\u00a0\u00bb retour village\u00a0\u00bb et des oies.<\/span><br style=\"background-color: #66bb33; color: #333333; font-family: Georgia, Utopia, 'Palatino Linotype', Palatino, serif; font-size: 14.49px; line-height: 21.735px;\" \/><br style=\"background-color: #66bb33; color: #333333; font-family: Georgia, Utopia, 'Palatino Linotype', Palatino, serif; font-size: 14.49px; line-height: 21.735px;\" \/><span style=\"background-color: #66bb33; color: #333333; font-family: Georgia, Utopia, 'Palatino Linotype', Palatino, serif; font-size: 14.49px; line-height: 21.735px;\">Gaspard et Tym\u00e9o<\/span><\/p>\n","protected":false},"excerpt":{"rendered":"<p>Samedi nous sommes all\u00e9s sur le sentier avec David, Jos\u00e9, Jean-Marie, Bela, Ilian, Jalis, Camille, Maxime, Emma, Gaspard et Tym\u00e9o. On a accroch\u00e9 des panneaux de direction nous avons mis une deuxi\u00e8me vis surplusieurs panneaux pour ne pas qu&rsquo; ils tournent puis on a viss\u00e9 des panneaux\u00a0\u00bb retour village\u00a0\u00bb et des oies.Gaspard et Tym\u00e9o<\/p>\n","protected":false},"author":2,"featured_media":0,"comment_status":"open","ping_status":"open","sticky":false,"template":"","format":"standard","meta":{"footnotes":""},"categories":[1],"tags":[],"_links":{"self":[{"href":"https:\/\/sentiernaturemontmelas.fr\/index.php\/wp-json\/wp\/v2\/posts\/26"}],"collection":[{"href":"https:\/\/sentiernaturemontmelas.fr\/index.php\/wp-json\/wp\/v2\/posts"}],"about":[{"href":"https:\/\/sentiernaturemontmelas.fr\/index.php\/wp-json\/wp\/v2\/types\/post"}],"author":[{"embeddable":true,"href":"https:\/\/sentiernaturemontmelas.fr\/index.php\/wp-json\/wp\/v2\/users\/2"}],"replies":[{"embeddable":true,"href":"https:\/\/sentiernaturemontmelas.fr\/index.php\/wp-json\/wp\/v2\/comments?post=26"}],"version-history":[{"count":0,"href":"https:\/\/sentiernaturemontmelas.fr\/index.php\/wp-json\/wp\/v2\/posts\/26\/revisions"}],"wp:attachment":[{"href":"https:\/\/sentiernaturemontmelas.fr\/index.php\/wp-json\/wp\/v2\/media?parent=26"}],"wp:term":[{"taxonomy":"category","embeddable":true,"href":"https:\/\/sentiernaturemontmelas.fr\/index.php\/wp-json\/wp\/v2\/categories?post=26"},{"taxonomy":"post_tag","embeddable":true,"href":"https:\/\/sentiernaturemontmelas.fr\/index.php\/wp-json\/wp\/v2\/tags?post=26"}],"curies":[{"name":"wp","href":"https:\/\/api.w.org\/{rel}","templated":true}]}}