{"id":27,"date":"2018-06-13T09:36:00","date_gmt":"2018-06-13T07:36:00","guid":{"rendered":"http:\/\/sentiernaturemontmelas.fr\/index.php\/2018\/06\/13\/installation-des-contes-dans-la-foret\/"},"modified":"2018-06-13T09:36:00","modified_gmt":"2018-06-13T07:36:00","slug":"installation-des-contes-dans-la-foret","status":"publish","type":"post","link":"https:\/\/sentiernaturemontmelas.fr\/index.php\/2018\/06\/13\/installation-des-contes-dans-la-foret\/","title":{"rendered":"installation des contes dans la foret"},"content":{"rendered":"<p><span style=\"background-color: white; color: #333333; font-family: &quot;georgia&quot; , &quot;utopia&quot; , &quot;palatino linotype&quot; , &quot;palatino&quot; , serif; font-size: 14.49px; line-height: 21.735px;\"><span style=\"background-color: #93c47d; font-family: &quot;georgia&quot; , &quot;utopia&quot; , &quot;palatino linotype&quot; , &quot;palatino&quot; , serif; font-size: 14.49px; line-height: 21.735px;\">Le samedi 3 mars David, Karine, Fabienne, Pierrick, Jean-marie, Maxime, Aubin et Evan sont partis installer une nouvelle partie du parcours sur les contes.<\/span><\/span><br \/><span style=\"background-color: #93c47d; color: #333333; font-family: &quot;georgia&quot; , &quot;utopia&quot; , &quot;palatino linotype&quot; , &quot;palatino&quot; , serif; font-size: 14.49px; line-height: 21.735px;\">En premier, on a install\u00e9 &nbsp;les panneaux de Hansel et &nbsp;Gretel. Il y avait Hansel, Gretel, la sorci\u00e8re et pleins de bonbons. En deuxi\u00e8me, nous avons install\u00e9 &nbsp;\u00ab\u00a0le chat bott\u00e9\u00a0\u00bb. Nous &nbsp;avons mis le chat bott\u00e9, le carrosse, le lion et des v\u00eatements. En troisi\u00e8me, nous avons accroch\u00e9 Pinocchio, &nbsp;nous avons mis trois marionnettes dont &nbsp;Pinocchio , un ab\u00e9c\u00e9daire , une baleine, G\u00e9petto et la f\u00e9e!<\/span><\/p>\n<div style=\"background-color: #66bb33; color: #333333; font-family: Georgia, Utopia, 'Palatino Linotype', Palatino, serif; font-size: 14.49px; line-height: 21.735px;\"><span style=\"background-color: #93c47d;\"><br \/><\/span><\/div>\n<div style=\"background-color: #66bb33; color: #333333; font-family: Georgia, Utopia, 'Palatino Linotype', Palatino, serif; font-size: 14.49px; line-height: 21.735px;\"><span style=\"background-color: #93c47d;\">Evan<\/span><\/div>\n","protected":false},"excerpt":{"rendered":"<p>Le samedi 3 mars David, Karine, Fabienne, Pierrick, Jean-marie, Maxime, Aubin et Evan sont partis installer une nouvelle partie du parcours sur les contes.En premier, on a install\u00e9 &nbsp;les panneaux de Hansel et &nbsp;Gretel. Il y avait Hansel, Gretel, la sorci\u00e8re et pleins de bonbons. En deuxi\u00e8me, nous avons install\u00e9 &nbsp;\u00ab\u00a0le chat bott\u00e9\u00a0\u00bb. Nous &nbsp;avons &hellip; <\/p>\n<p class=\"link-more\"><a href=\"https:\/\/sentiernaturemontmelas.fr\/index.php\/2018\/06\/13\/installation-des-contes-dans-la-foret\/\" class=\"more-link\">Continuer la lecture<span class=\"screen-reader-text\"> de &laquo;&nbsp;installation des contes dans la foret&nbsp;&raquo;<\/span><\/a><\/p>\n","protected":false},"author":2,"featured_media":0,"comment_status":"open","ping_status":"open","sticky":false,"template":"","format":"standard","meta":{"footnotes":""},"categories":[1],"tags":[],"_links":{"self":[{"href":"https:\/\/sentiernaturemontmelas.fr\/index.php\/wp-json\/wp\/v2\/posts\/27"}],"collection":[{"href":"https:\/\/sentiernaturemontmelas.fr\/index.php\/wp-json\/wp\/v2\/posts"}],"about":[{"href":"https:\/\/sentiernaturemontmelas.fr\/index.php\/wp-json\/wp\/v2\/types\/post"}],"author":[{"embeddable":true,"href":"https:\/\/sentiernaturemontmelas.fr\/index.php\/wp-json\/wp\/v2\/users\/2"}],"replies":[{"embeddable":true,"href":"https:\/\/sentiernaturemontmelas.fr\/index.php\/wp-json\/wp\/v2\/comments?post=27"}],"version-history":[{"count":0,"href":"https:\/\/sentiernaturemontmelas.fr\/index.php\/wp-json\/wp\/v2\/posts\/27\/revisions"}],"wp:attachment":[{"href":"https:\/\/sentiernaturemontmelas.fr\/index.php\/wp-json\/wp\/v2\/media?parent=27"}],"wp:term":[{"taxonomy":"category","embeddable":true,"href":"https:\/\/sentiernaturemontmelas.fr\/index.php\/wp-json\/wp\/v2\/categories?post=27"},{"taxonomy":"post_tag","embeddable":true,"href":"https:\/\/sentiernaturemontmelas.fr\/index.php\/wp-json\/wp\/v2\/tags?post=27"}],"curies":[{"name":"wp","href":"https:\/\/api.w.org\/{rel}","templated":true}]}}