{"id":29,"date":"2018-04-03T17:23:00","date_gmt":"2018-04-03T15:23:00","guid":{"rendered":"http:\/\/sentiernaturemontmelas.fr\/index.php\/2018\/04\/03\/installation-de-la-table-dorientation\/"},"modified":"2018-04-03T17:23:00","modified_gmt":"2018-04-03T15:23:00","slug":"installation-de-la-table-dorientation","status":"publish","type":"post","link":"https:\/\/sentiernaturemontmelas.fr\/index.php\/2018\/04\/03\/installation-de-la-table-dorientation\/","title":{"rendered":"installation de la table d&rsquo;orientation"},"content":{"rendered":"<p>Samedi 17 mars, je suis all\u00e9 sur le sentier avec Lysia, Agathe, Maxime, Batistet des adultes pour installer la table d&rsquo;orientation et remettre les panneaux bois sur la faune et les oiseaux.<br \/>David et les \u00e9l\u00e8ves sont all\u00e9s dans la cave de la mairie pour prendre les panneaux en bois et les revisser \u00e0 leur emplacement.<br \/>Pendant ce temps, des adultes installaient les pieds de la table d&rsquo;orientation.<\/p>\n<p>Gaspard<\/p>\n","protected":false},"excerpt":{"rendered":"<p>Samedi 17 mars, je suis all\u00e9 sur le sentier avec Lysia, Agathe, Maxime, Batistet des adultes pour installer la table d&rsquo;orientation et remettre les panneaux bois sur la faune et les oiseaux.David et les \u00e9l\u00e8ves sont all\u00e9s dans la cave de la mairie pour prendre les panneaux en bois et les revisser \u00e0 leur emplacement.Pendant &hellip; <\/p>\n<p class=\"link-more\"><a href=\"https:\/\/sentiernaturemontmelas.fr\/index.php\/2018\/04\/03\/installation-de-la-table-dorientation\/\" class=\"more-link\">Continuer la lecture<span class=\"screen-reader-text\"> de &laquo;&nbsp;installation de la table d&rsquo;orientation&nbsp;&raquo;<\/span><\/a><\/p>\n","protected":false},"author":2,"featured_media":0,"comment_status":"open","ping_status":"open","sticky":false,"template":"","format":"standard","meta":{"footnotes":""},"categories":[1],"tags":[],"_links":{"self":[{"href":"https:\/\/sentiernaturemontmelas.fr\/index.php\/wp-json\/wp\/v2\/posts\/29"}],"collection":[{"href":"https:\/\/sentiernaturemontmelas.fr\/index.php\/wp-json\/wp\/v2\/posts"}],"about":[{"href":"https:\/\/sentiernaturemontmelas.fr\/index.php\/wp-json\/wp\/v2\/types\/post"}],"author":[{"embeddable":true,"href":"https:\/\/sentiernaturemontmelas.fr\/index.php\/wp-json\/wp\/v2\/users\/2"}],"replies":[{"embeddable":true,"href":"https:\/\/sentiernaturemontmelas.fr\/index.php\/wp-json\/wp\/v2\/comments?post=29"}],"version-history":[{"count":0,"href":"https:\/\/sentiernaturemontmelas.fr\/index.php\/wp-json\/wp\/v2\/posts\/29\/revisions"}],"wp:attachment":[{"href":"https:\/\/sentiernaturemontmelas.fr\/index.php\/wp-json\/wp\/v2\/media?parent=29"}],"wp:term":[{"taxonomy":"category","embeddable":true,"href":"https:\/\/sentiernaturemontmelas.fr\/index.php\/wp-json\/wp\/v2\/categories?post=29"},{"taxonomy":"post_tag","embeddable":true,"href":"https:\/\/sentiernaturemontmelas.fr\/index.php\/wp-json\/wp\/v2\/tags?post=29"}],"curies":[{"name":"wp","href":"https:\/\/api.w.org\/{rel}","templated":true}]}}