{"id":47,"date":"2015-09-04T00:37:00","date_gmt":"2015-09-03T22:37:00","guid":{"rendered":"http:\/\/sentiernaturemontmelas.fr\/index.php\/2015\/09\/04\/des-randonneurs-en-route-pour-rome-ont-apprecie-le-sentier-nature-de-montmelas\/"},"modified":"2015-09-04T00:37:00","modified_gmt":"2015-09-03T22:37:00","slug":"des-randonneurs-en-route-pour-rome-ont-apprecie-le-sentier-nature-de-montmelas","status":"publish","type":"post","link":"https:\/\/sentiernaturemontmelas.fr\/index.php\/2015\/09\/04\/des-randonneurs-en-route-pour-rome-ont-apprecie-le-sentier-nature-de-montmelas\/","title":{"rendered":"des randonneurs en route pour Rome ont appr\u00e9ci\u00e9 le sentier nature de Montmelas!"},"content":{"rendered":"<div style=\"background: rgb(141, 216, 144); border: 0px; font-family: Georgia, 'Bitstream Charter', serif; font-size: 16px; line-height: 24px; margin: 0px; padding: 0px; vertical-align: baseline;\">\n<div style=\"background: transparent; border: 0px; margin: 0px; padding: 0px; vertical-align: baseline;\">\n<div style=\"background: transparent; border: 0px; margin: 0px; padding: 0px; vertical-align: baseline;\">\n<h2 style=\"background-attachment: initial; background-clip: initial; background-image: initial; background-origin: initial; background-position: initial; background-repeat: initial; background-size: initial; border: 0px; clear: both; font-weight: normal; line-height: 1.5em; margin: 0px 0px 20px; padding: 0px; vertical-align: baseline;\"><strong style=\"background: transparent; border: 0px; margin: 0px; padding: 0px; vertical-align: baseline;\">\u00ab&nbsp;Un grand merci aux enfants de l\u2019\u00e9cole de Montmelas et \u00e0 leurs enseignants&nbsp;\u00bb<\/strong><\/h2>\n<h2 style=\"background-attachment: initial; background-clip: initial; background-image: initial; background-origin: initial; background-position: initial; background-repeat: initial; background-size: initial; border: 0px; clear: both; font-weight: normal; line-height: 1.5em; margin: 0px 0px 20px; padding: 0px; vertical-align: baseline;\">&nbsp;Bonjour,<\/h2>\n<\/div>\n<\/div>\n<\/div>\n<div style=\"background: rgb(141, 216, 144); border: 0px; font-family: Georgia, 'Bitstream Charter', serif; font-size: 16px; line-height: 24px; margin: 0px; padding: 0px; vertical-align: baseline;\">\n<div style=\"background: transparent; border: 0px; margin: 0px; padding: 0px; vertical-align: baseline;\">\n<div style=\"background: transparent; border: 0px; margin: 0px; padding: 0px; vertical-align: baseline;\">\n<div style=\"background: transparent; border: 0px; margin: 0px; padding: 0px; vertical-align: baseline;\">\n<div style=\"background: transparent; border: 0px; margin: 0px; padding: 0px; vertical-align: baseline;\">\n<div style=\"background: transparent; border: 0px; margin: 0px; padding: 0px; vertical-align: baseline;\">\n<div style=\"background: transparent; border: 0px; margin: 0px; padding: 0px; vertical-align: baseline;\">\n<div style=\"background: transparent; border: 0px; margin: 0px; padding: 0px; vertical-align: baseline;\">\n<div style=\"background: transparent; border: 0px; margin: 0px; padding: 0px; vertical-align: baseline;\">\n<div style=\"background: transparent; border: 0px; margin: 0px; padding: 0px; vertical-align: baseline;\">\n<h2 style=\"background-attachment: initial; background-clip: initial; background-image: initial; background-origin: initial; background-position: initial; background-repeat: initial; background-size: initial; border: 0px; clear: both; font-weight: normal; line-height: 1.5em; margin: 0px 0px 20px; padding: 0px; vertical-align: baseline;\">En marche vers Assise et Rome, nous avons eu la chance, jeudi dernier, de d\u00e9couvrir les abords de votre beau village de Montmelas-Saint-Sorlin, dont la silhouette du ch\u00e2teau nous a tenu compagnie jusqu\u2019aux abords de Villefranche, au milieu des vignes.<br \/>Quel bonheur que de parcourir le&nbsp;<span style=\"background: transparent; border: 0px; margin: 0px; padding: 0px; vertical-align: baseline;\">sentier<\/span>&nbsp;nature intelligemment et g\u00e9n\u00e9reusement concoct\u00e9 par vous tous, afin de nous rendre plus savants sur la vie et les caract\u00e9ristiques du blaireau, de l\u2019\u00e9cureuil, de la m\u00e9sange, du rouge-gorge, de la chouette ! Et tous ces nichoirs sans doute bien confortables car deux d\u2019entre eux au moins portaient la trace de la r\u00e9sidence r\u00e9cente d\u2019habitants bien chanceux ! Bravo !!!<\/h2>\n<h2 style=\"background-attachment: initial; background-clip: initial; background-image: initial; background-origin: initial; background-position: initial; background-repeat: initial; background-size: initial; border: 0px; clear: both; font-weight: normal; line-height: 1.5em; margin: 0px 0px 20px; padding: 0px; vertical-align: baseline;\">C\u2019est une initiative absolument remarquable tant par les informations qu\u2019elle transmet aux marcheurs du bois que par la d\u00e9marche p\u00e9dagogique intelligente qu\u2019elle suppose en amont.<br \/>Si beaux les panneaux de bois ! Et les l\u00e9gendes bien r\u00e9dig\u00e9es et habilement travaill\u00e9es en pyrogravure !<\/h2>\n<h2 style=\"background-attachment: initial; background-clip: initial; background-image: initial; background-origin: initial; background-position: initial; background-repeat: initial; background-size: initial; border: 0px; clear: both; font-weight: normal; line-height: 1.5em; margin: 0px 0px 20px; padding: 0px; vertical-align: baseline;\">Merci de bien vouloir transmettre nos f\u00e9licitations et nos&nbsp; remerciements \u00e0 tous les acteurs de ce projet.<\/h2>\n<h2 style=\"background-attachment: initial; background-clip: initial; background-image: initial; background-origin: initial; background-position: initial; background-repeat: initial; background-size: initial; border: 0px; clear: both; font-weight: normal; line-height: 1.5em; margin: 0px 0px 20px; padding: 0px; vertical-align: baseline;\">Anne AUBINAIS \u2013 Fr\u00e9d\u00e9ric CHERKI<\/h2>\n<\/div>\n<\/div>\n<\/div>\n<\/div>\n<\/div>\n<\/div>\n<\/div>\n<\/div>\n<\/div>\n<\/div>\n","protected":false},"excerpt":{"rendered":"<p>\u00ab&nbsp;Un grand merci aux enfants de l\u2019\u00e9cole de Montmelas et \u00e0 leurs enseignants&nbsp;\u00bb &nbsp;Bonjour, En marche vers Assise et Rome, nous avons eu la chance, jeudi dernier, de d\u00e9couvrir les abords de votre beau village de Montmelas-Saint-Sorlin, dont la silhouette du ch\u00e2teau nous a tenu compagnie jusqu\u2019aux abords de Villefranche, au milieu des vignes.Quel bonheur &hellip; <\/p>\n<p class=\"link-more\"><a href=\"https:\/\/sentiernaturemontmelas.fr\/index.php\/2015\/09\/04\/des-randonneurs-en-route-pour-rome-ont-apprecie-le-sentier-nature-de-montmelas\/\" class=\"more-link\">Continuer la lecture<span class=\"screen-reader-text\"> de &laquo;&nbsp;des randonneurs en route pour Rome ont appr\u00e9ci\u00e9 le sentier nature de Montmelas!&nbsp;&raquo;<\/span><\/a><\/p>\n","protected":false},"author":2,"featured_media":0,"comment_status":"open","ping_status":"open","sticky":false,"template":"","format":"standard","meta":{"footnotes":""},"categories":[1],"tags":[],"_links":{"self":[{"href":"https:\/\/sentiernaturemontmelas.fr\/index.php\/wp-json\/wp\/v2\/posts\/47"}],"collection":[{"href":"https:\/\/sentiernaturemontmelas.fr\/index.php\/wp-json\/wp\/v2\/posts"}],"about":[{"href":"https:\/\/sentiernaturemontmelas.fr\/index.php\/wp-json\/wp\/v2\/types\/post"}],"author":[{"embeddable":true,"href":"https:\/\/sentiernaturemontmelas.fr\/index.php\/wp-json\/wp\/v2\/users\/2"}],"replies":[{"embeddable":true,"href":"https:\/\/sentiernaturemontmelas.fr\/index.php\/wp-json\/wp\/v2\/comments?post=47"}],"version-history":[{"count":0,"href":"https:\/\/sentiernaturemontmelas.fr\/index.php\/wp-json\/wp\/v2\/posts\/47\/revisions"}],"wp:attachment":[{"href":"https:\/\/sentiernaturemontmelas.fr\/index.php\/wp-json\/wp\/v2\/media?parent=47"}],"wp:term":[{"taxonomy":"category","embeddable":true,"href":"https:\/\/sentiernaturemontmelas.fr\/index.php\/wp-json\/wp\/v2\/categories?post=47"},{"taxonomy":"post_tag","embeddable":true,"href":"https:\/\/sentiernaturemontmelas.fr\/index.php\/wp-json\/wp\/v2\/tags?post=47"}],"curies":[{"name":"wp","href":"https:\/\/api.w.org\/{rel}","templated":true}]}}