{"id":6049,"date":"2025-02-14T10:51:09","date_gmt":"2025-02-14T09:51:09","guid":{"rendered":"https:\/\/sentiernaturemontmelas.fr\/?p=6049"},"modified":"2025-02-14T10:51:10","modified_gmt":"2025-02-14T09:51:10","slug":"sortie-geologique","status":"publish","type":"post","link":"https:\/\/sentiernaturemontmelas.fr\/index.php\/2025\/02\/14\/sortie-geologique\/","title":{"rendered":"sortie g\u00e9ologique"},"content":{"rendered":"\n<p>Le mardi 4 f\u00e9vrier 2025 nous sommes all\u00e9s sur le Sentier Nature, pour faire le parcours g\u00e9ologique. <\/p>\n\n\n\n<figure class=\"wp-block-image size-large is-resized\"><img loading=\"lazy\" decoding=\"async\" width=\"1024\" height=\"683\" src=\"https:\/\/sentiernaturemontmelas.fr\/wp-content\/uploads\/2025\/02\/P1210409-1024x683.jpg\" alt=\"\" class=\"wp-image-6058\" style=\"width:673px;height:auto\" srcset=\"https:\/\/sentiernaturemontmelas.fr\/wp-content\/uploads\/2025\/02\/P1210409-1024x683.jpg 1024w, https:\/\/sentiernaturemontmelas.fr\/wp-content\/uploads\/2025\/02\/P1210409-300x200.jpg 300w, https:\/\/sentiernaturemontmelas.fr\/wp-content\/uploads\/2025\/02\/P1210409-768x512.jpg 768w, https:\/\/sentiernaturemontmelas.fr\/wp-content\/uploads\/2025\/02\/P1210409-1536x1024.jpg 1536w, https:\/\/sentiernaturemontmelas.fr\/wp-content\/uploads\/2025\/02\/P1210409-2048x1365.jpg 2048w\" sizes=\"(max-width: 706px) 89vw, (max-width: 767px) 82vw, 740px\" \/><\/figure>\n\n\n\n<p> On avait  une fiche chacun ou par bin\u00f4me, il fallait r\u00e9pondre aux questions et les r\u00e9ponses \u00e9taient sur les panneaux. A chaque pas, on remontait \u00e0 4 millions d&rsquo;ann\u00e9es, et on a d\u00e9couvert qu&rsquo;il y avait 12 plaques tectoniques sur terre.<\/p>\n\n\n\n<figure class=\"wp-block-gallery has-nested-images columns-default is-cropped wp-block-gallery-1 is-layout-flex wp-block-gallery-is-layout-flex\">\n<figure class=\"wp-block-image size-large\"><img loading=\"lazy\" decoding=\"async\" width=\"640\" height=\"480\" data-id=\"6057\" src=\"https:\/\/sentiernaturemontmelas.fr\/wp-content\/uploads\/2025\/02\/P1210417.jpg\" alt=\"\" class=\"wp-image-6057\" srcset=\"https:\/\/sentiernaturemontmelas.fr\/wp-content\/uploads\/2025\/02\/P1210417.jpg 640w, https:\/\/sentiernaturemontmelas.fr\/wp-content\/uploads\/2025\/02\/P1210417-300x225.jpg 300w\" sizes=\"(max-width: 640px) 100vw, 640px\" \/><\/figure>\n<\/figure>\n\n\n\n<p>L\u00e9o et Jalis<\/p>\n\n\n\n<p>Nous avons demand\u00e9 l&rsquo;avis \u00e0 quelques \u00e9l\u00e8ves :<\/p>\n\n\n\n<p>Romane : j&rsquo;ai bien aim\u00e9 me balader dans le froid.<\/p>\n\n\n\n<p>Maxence : j&rsquo;ai bien aim\u00e9 apprendre l&rsquo;histoire et les noms des roches.<\/p>\n\n\n\n<p>Emmy Ma : j&rsquo;ai bien aim\u00e9 parler des volcans et des roches.<\/p>\n\n\n\n<p>Axel : j&rsquo;ai bien aim\u00e9 parler des informations  de la terre.<\/p>\n\n\n\n<p>Sarah : j&rsquo;ai bien aim\u00e9 apprendre plein d&rsquo;informations.<\/p>\n\n\n\n<p>Jalis :  j&rsquo;ai bien aim\u00e9 apprendre des choses sur les plaques tectoniques.<\/p>\n\n\n\n<p>L\u00e9o : j&rsquo;ai bien aim\u00e9 me promener dans la for\u00eat et apprendre de nouvelles choses sur la terre.<\/p>\n","protected":false},"excerpt":{"rendered":"<p>Le mardi 4 f\u00e9vrier 2025 nous sommes all\u00e9s sur le Sentier Nature, pour faire le parcours g\u00e9ologique. On avait une fiche chacun ou par bin\u00f4me, il fallait r\u00e9pondre aux questions et les r\u00e9ponses \u00e9taient sur les panneaux. A chaque pas, on remontait \u00e0 4 millions d&rsquo;ann\u00e9es, et on a d\u00e9couvert qu&rsquo;il y avait 12 plaques &hellip; <\/p>\n<p class=\"link-more\"><a href=\"https:\/\/sentiernaturemontmelas.fr\/index.php\/2025\/02\/14\/sortie-geologique\/\" class=\"more-link\">Continuer la lecture<span class=\"screen-reader-text\"> de &laquo;&nbsp;sortie g\u00e9ologique&nbsp;&raquo;<\/span><\/a><\/p>\n","protected":false},"author":3,"featured_media":0,"comment_status":"open","ping_status":"","sticky":false,"template":"","format":"standard","meta":{"footnotes":""},"categories":[1],"tags":[],"_links":{"self":[{"href":"https:\/\/sentiernaturemontmelas.fr\/index.php\/wp-json\/wp\/v2\/posts\/6049"}],"collection":[{"href":"https:\/\/sentiernaturemontmelas.fr\/index.php\/wp-json\/wp\/v2\/posts"}],"about":[{"href":"https:\/\/sentiernaturemontmelas.fr\/index.php\/wp-json\/wp\/v2\/types\/post"}],"author":[{"embeddable":true,"href":"https:\/\/sentiernaturemontmelas.fr\/index.php\/wp-json\/wp\/v2\/users\/3"}],"replies":[{"embeddable":true,"href":"https:\/\/sentiernaturemontmelas.fr\/index.php\/wp-json\/wp\/v2\/comments?post=6049"}],"version-history":[{"count":12,"href":"https:\/\/sentiernaturemontmelas.fr\/index.php\/wp-json\/wp\/v2\/posts\/6049\/revisions"}],"predecessor-version":[{"id":6065,"href":"https:\/\/sentiernaturemontmelas.fr\/index.php\/wp-json\/wp\/v2\/posts\/6049\/revisions\/6065"}],"wp:attachment":[{"href":"https:\/\/sentiernaturemontmelas.fr\/index.php\/wp-json\/wp\/v2\/media?parent=6049"}],"wp:term":[{"taxonomy":"category","embeddable":true,"href":"https:\/\/sentiernaturemontmelas.fr\/index.php\/wp-json\/wp\/v2\/categories?post=6049"},{"taxonomy":"post_tag","embeddable":true,"href":"https:\/\/sentiernaturemontmelas.fr\/index.php\/wp-json\/wp\/v2\/tags?post=6049"}],"curies":[{"name":"wp","href":"https:\/\/api.w.org\/{rel}","templated":true}]}}