{"id":6279,"date":"2026-03-12T22:16:47","date_gmt":"2026-03-12T21:16:47","guid":{"rendered":"https:\/\/sentiernaturemontmelas.fr\/?p=6279"},"modified":"2026-03-31T11:35:05","modified_gmt":"2026-03-31T09:35:05","slug":"un-joli-moment-sur-le-sentier-nature","status":"publish","type":"post","link":"https:\/\/sentiernaturemontmelas.fr\/index.php\/2026\/03\/12\/un-joli-moment-sur-le-sentier-nature\/","title":{"rendered":"un joli moment sur le sentier nature"},"content":{"rendered":"\n<p>Jeudi 27 f\u00e9vrier, nous sommes partis au Sentier nature  .<\/p>\n\n\n\n<p>Il y avait  2 groupes :   un qui lisait un texte et remplissait  des questions sur les animaux de la mare, et un autre groupe qui \u00e9tait  avec David pour rep\u00e9rer  des plantes sauvages  sur le terrain et qui les notait sur le petit livre des plantes.<\/p>\n\n\n\n<p>Nous avons trouv\u00e9 toutes les plantes suivantes : achill\u00e9e millefeuille, ail  des vignes, armoise , tr\u00e8fle,  v\u00e9ronique, lierre grimpant, ronce , primev\u00e8re, pissenlit, gaillet croisette, gaillet mou, lamier pourpre, lierre terrestre, lotier cornicul\u00e9  ou encore la violette odorante.<\/p>\n\n\n\n<p>Lina et Meliani<\/p>\n\n\n\n<p>Meliani : j&rsquo;ai bien aim\u00e9 me  balader et  remplir les questions.<\/p>\n\n\n\n<figure class=\"wp-block-image size-large is-resized\"><img loading=\"lazy\" decoding=\"async\" width=\"1024\" height=\"768\" src=\"https:\/\/sentiernaturemontmelas.fr\/wp-content\/uploads\/2026\/03\/IMG_5838-1024x768.jpg\" alt=\"\" class=\"wp-image-6311\" style=\"width:675px;height:auto\" srcset=\"https:\/\/sentiernaturemontmelas.fr\/wp-content\/uploads\/2026\/03\/IMG_5838-1024x768.jpg 1024w, https:\/\/sentiernaturemontmelas.fr\/wp-content\/uploads\/2026\/03\/IMG_5838-300x225.jpg 300w, https:\/\/sentiernaturemontmelas.fr\/wp-content\/uploads\/2026\/03\/IMG_5838-768x576.jpg 768w, https:\/\/sentiernaturemontmelas.fr\/wp-content\/uploads\/2026\/03\/IMG_5838-1536x1152.jpg 1536w, https:\/\/sentiernaturemontmelas.fr\/wp-content\/uploads\/2026\/03\/IMG_5838-2048x1536.jpg 2048w\" sizes=\"(max-width: 706px) 89vw, (max-width: 767px) 82vw, 740px\" \/><\/figure>\n\n\n\n<p><\/p>\n\n\n\n<figure class=\"wp-block-image size-large\"><img loading=\"lazy\" decoding=\"async\" width=\"1024\" height=\"622\" src=\"https:\/\/sentiernaturemontmelas.fr\/wp-content\/uploads\/2026\/03\/IMG_5841-1024x622.jpg\" alt=\"\" class=\"wp-image-6310\" srcset=\"https:\/\/sentiernaturemontmelas.fr\/wp-content\/uploads\/2026\/03\/IMG_5841-1024x622.jpg 1024w, https:\/\/sentiernaturemontmelas.fr\/wp-content\/uploads\/2026\/03\/IMG_5841-300x182.jpg 300w, https:\/\/sentiernaturemontmelas.fr\/wp-content\/uploads\/2026\/03\/IMG_5841-768x467.jpg 768w, https:\/\/sentiernaturemontmelas.fr\/wp-content\/uploads\/2026\/03\/IMG_5841-1536x933.jpg 1536w, https:\/\/sentiernaturemontmelas.fr\/wp-content\/uploads\/2026\/03\/IMG_5841-2048x1244.jpg 2048w\" sizes=\"(max-width: 706px) 89vw, (max-width: 767px) 82vw, 740px\" \/><\/figure>\n","protected":false},"excerpt":{"rendered":"<p>Jeudi 27 f\u00e9vrier, nous sommes partis au Sentier nature . Il y avait 2 groupes : un qui lisait un texte et remplissait des questions sur les animaux de la mare, et un autre groupe qui \u00e9tait avec David pour rep\u00e9rer des plantes sauvages sur le terrain et qui les notait sur le petit livre &hellip; <\/p>\n<p class=\"link-more\"><a href=\"https:\/\/sentiernaturemontmelas.fr\/index.php\/2026\/03\/12\/un-joli-moment-sur-le-sentier-nature\/\" class=\"more-link\">Continuer la lecture<span class=\"screen-reader-text\"> de &laquo;&nbsp;un joli moment sur le sentier nature&nbsp;&raquo;<\/span><\/a><\/p>\n","protected":false},"author":3,"featured_media":0,"comment_status":"open","ping_status":"","sticky":false,"template":"","format":"standard","meta":{"footnotes":""},"categories":[1],"tags":[],"_links":{"self":[{"href":"https:\/\/sentiernaturemontmelas.fr\/index.php\/wp-json\/wp\/v2\/posts\/6279"}],"collection":[{"href":"https:\/\/sentiernaturemontmelas.fr\/index.php\/wp-json\/wp\/v2\/posts"}],"about":[{"href":"https:\/\/sentiernaturemontmelas.fr\/index.php\/wp-json\/wp\/v2\/types\/post"}],"author":[{"embeddable":true,"href":"https:\/\/sentiernaturemontmelas.fr\/index.php\/wp-json\/wp\/v2\/users\/3"}],"replies":[{"embeddable":true,"href":"https:\/\/sentiernaturemontmelas.fr\/index.php\/wp-json\/wp\/v2\/comments?post=6279"}],"version-history":[{"count":8,"href":"https:\/\/sentiernaturemontmelas.fr\/index.php\/wp-json\/wp\/v2\/posts\/6279\/revisions"}],"predecessor-version":[{"id":6348,"href":"https:\/\/sentiernaturemontmelas.fr\/index.php\/wp-json\/wp\/v2\/posts\/6279\/revisions\/6348"}],"wp:attachment":[{"href":"https:\/\/sentiernaturemontmelas.fr\/index.php\/wp-json\/wp\/v2\/media?parent=6279"}],"wp:term":[{"taxonomy":"category","embeddable":true,"href":"https:\/\/sentiernaturemontmelas.fr\/index.php\/wp-json\/wp\/v2\/categories?post=6279"},{"taxonomy":"post_tag","embeddable":true,"href":"https:\/\/sentiernaturemontmelas.fr\/index.php\/wp-json\/wp\/v2\/tags?post=6279"}],"curies":[{"name":"wp","href":"https:\/\/api.w.org\/{rel}","templated":true}]}}