{"id":6298,"date":"2026-03-12T22:33:42","date_gmt":"2026-03-12T21:33:42","guid":{"rendered":"https:\/\/sentiernaturemontmelas.fr\/?p=6298"},"modified":"2026-03-19T10:28:38","modified_gmt":"2026-03-19T09:28:38","slug":"le-sentier-nature-est-pret-a-accueillir-nos-correspondants-belges","status":"publish","type":"post","link":"https:\/\/sentiernaturemontmelas.fr\/index.php\/2026\/03\/12\/le-sentier-nature-est-pret-a-accueillir-nos-correspondants-belges\/","title":{"rendered":"Le sentier nature est pr\u00eat \u00e0 accueillir nos correspondants belges"},"content":{"rendered":"\n<p>Le samedi 7 mars 2026, avec quelques \u00e9l\u00e8ves, parents et enseigants, nous avons remis les panneaux.<\/p>\n\n\n\n<figure class=\"wp-block-image size-large\"><img loading=\"lazy\" decoding=\"async\" width=\"1024\" height=\"768\" src=\"https:\/\/sentiernaturemontmelas.fr\/wp-content\/uploads\/2026\/03\/WhatsApp-Image-2026-03-07-at-11.50.56-1-1024x768.jpeg\" alt=\"\" class=\"wp-image-6323\" srcset=\"https:\/\/sentiernaturemontmelas.fr\/wp-content\/uploads\/2026\/03\/WhatsApp-Image-2026-03-07-at-11.50.56-1-1024x768.jpeg 1024w, https:\/\/sentiernaturemontmelas.fr\/wp-content\/uploads\/2026\/03\/WhatsApp-Image-2026-03-07-at-11.50.56-1-300x225.jpeg 300w, https:\/\/sentiernaturemontmelas.fr\/wp-content\/uploads\/2026\/03\/WhatsApp-Image-2026-03-07-at-11.50.56-1-768x576.jpeg 768w, https:\/\/sentiernaturemontmelas.fr\/wp-content\/uploads\/2026\/03\/WhatsApp-Image-2026-03-07-at-11.50.56-1-1536x1152.jpeg 1536w, https:\/\/sentiernaturemontmelas.fr\/wp-content\/uploads\/2026\/03\/WhatsApp-Image-2026-03-07-at-11.50.56-1.jpeg 1600w\" sizes=\"(max-width: 706px) 89vw, (max-width: 767px) 82vw, 740px\" \/><\/figure>\n\n\n\n<p>La semaine pr\u00e9c\u00e9dente, nous avions r\u00e9fl\u00e9chi \u00e0 des endroits o\u00f9 mettre les nouveaux panneaux qui \u00e9taient sur le chat sauvage, la vip\u00e8re aspic et le lapin de garenne. Il y a aussi des anciens panneaux que nous avons r\u00e9\u00e9crits :  la pie et le pic \u00e9peiche. Les enfants ont \u00e9t\u00e9 tr\u00e8s appliqu\u00e9s et ils \u00e9taient fiers de leur travail !<\/p>\n\n\n\n<figure class=\"wp-block-gallery has-nested-images columns-default is-cropped wp-block-gallery-1 is-layout-flex wp-block-gallery-is-layout-flex\">\n<figure class=\"wp-block-image size-large\"><img loading=\"lazy\" decoding=\"async\" width=\"1024\" height=\"768\" data-id=\"6324\" src=\"https:\/\/sentiernaturemontmelas.fr\/wp-content\/uploads\/2026\/03\/IMG_5871-1024x768.jpg\" alt=\"\" class=\"wp-image-6324\" srcset=\"https:\/\/sentiernaturemontmelas.fr\/wp-content\/uploads\/2026\/03\/IMG_5871-1024x768.jpg 1024w, https:\/\/sentiernaturemontmelas.fr\/wp-content\/uploads\/2026\/03\/IMG_5871-300x225.jpg 300w, https:\/\/sentiernaturemontmelas.fr\/wp-content\/uploads\/2026\/03\/IMG_5871-768x576.jpg 768w, https:\/\/sentiernaturemontmelas.fr\/wp-content\/uploads\/2026\/03\/IMG_5871-1536x1152.jpg 1536w, https:\/\/sentiernaturemontmelas.fr\/wp-content\/uploads\/2026\/03\/IMG_5871-2048x1536.jpg 2048w\" sizes=\"(max-width: 706px) 89vw, (max-width: 767px) 82vw, 740px\" \/><\/figure>\n\n\n\n\n\n\n\n\n\n\n\n\n\n\n\n<figure class=\"wp-block-image size-large\"><img loading=\"lazy\" decoding=\"async\" width=\"1024\" height=\"768\" data-id=\"6337\" src=\"https:\/\/sentiernaturemontmelas.fr\/wp-content\/uploads\/2026\/03\/IMG_5879-1024x768.jpg\" alt=\"\" class=\"wp-image-6337\" srcset=\"https:\/\/sentiernaturemontmelas.fr\/wp-content\/uploads\/2026\/03\/IMG_5879-1024x768.jpg 1024w, https:\/\/sentiernaturemontmelas.fr\/wp-content\/uploads\/2026\/03\/IMG_5879-300x225.jpg 300w, https:\/\/sentiernaturemontmelas.fr\/wp-content\/uploads\/2026\/03\/IMG_5879-768x576.jpg 768w, https:\/\/sentiernaturemontmelas.fr\/wp-content\/uploads\/2026\/03\/IMG_5879-1536x1152.jpg 1536w, https:\/\/sentiernaturemontmelas.fr\/wp-content\/uploads\/2026\/03\/IMG_5879-2048x1536.jpg 2048w\" sizes=\"(max-width: 706px) 89vw, (max-width: 767px) 82vw, 740px\" \/><\/figure>\n\n\n\n\n\n<figure class=\"wp-block-image size-large\"><img loading=\"lazy\" decoding=\"async\" width=\"1024\" height=\"768\" data-id=\"6334\" src=\"https:\/\/sentiernaturemontmelas.fr\/wp-content\/uploads\/2026\/03\/IMG_5882-1024x768.jpg\" alt=\"\" class=\"wp-image-6334\" srcset=\"https:\/\/sentiernaturemontmelas.fr\/wp-content\/uploads\/2026\/03\/IMG_5882-1024x768.jpg 1024w, https:\/\/sentiernaturemontmelas.fr\/wp-content\/uploads\/2026\/03\/IMG_5882-300x225.jpg 300w, https:\/\/sentiernaturemontmelas.fr\/wp-content\/uploads\/2026\/03\/IMG_5882-768x576.jpg 768w, https:\/\/sentiernaturemontmelas.fr\/wp-content\/uploads\/2026\/03\/IMG_5882-1536x1152.jpg 1536w, https:\/\/sentiernaturemontmelas.fr\/wp-content\/uploads\/2026\/03\/IMG_5882-2048x1536.jpg 2048w\" sizes=\"(max-width: 706px) 89vw, (max-width: 767px) 82vw, 740px\" \/><\/figure>\n\n\n\n\n\n\n\n\n<\/figure>\n\n\n\n<p>Nous avons fait trois groupes : Jean-Marie, Tarik et tous les enfants (Alice, Maxence, Eliott, Jules et Mia)  circulaient avec le 4&#215;4; David avec Fabien (le papa de Jules et Eliott ) et Karine avec Julien (le papa de Lorys) circulaient \u00e0 pied.<\/p>\n\n\n\n<p><\/p>\n\n\n\n<p>Sur le parcours principal (faune, oiseaux, plantes), il y a un pont en bois qui traverse un ruisseau. Nous l&rsquo;avons consolid\u00e9 avec un tronc d&rsquo;arbre mort que Jean-Marie a coup\u00e9. Nous avons aussi taill\u00e9 les branches qui g\u00eanaient le passage.<\/p>\n\n\n\n<p>D\u00e9sormais, le sentier est tout install\u00e9 et en \u00e9tat pour accueillir nos correspondants belges le lundi 20 mars et les \u00e9l\u00e8ves de Villefranche qui viendront faire le cross le vendredi 27 mars.<\/p>\n\n\n\n<p>J&rsquo;ai aim\u00e9 faire le tour du parcours g\u00e9ologique en 4&#215;4 pour remettre un panneau qui a \u00e9t\u00e9 r\u00e9par\u00e9 par Yann, le papa de Romane. C&rsquo;\u00e9tait une tr\u00e8s belle matin\u00e9e sous le soleil !<\/p>\n\n\n\n<p>Mia<\/p>\n\n\n\n<figure class=\"wp-block-image size-large is-resized\"><img loading=\"lazy\" decoding=\"async\" width=\"1024\" height=\"768\" src=\"https:\/\/sentiernaturemontmelas.fr\/wp-content\/uploads\/2026\/01\/IMG_5387-1024x768.jpg\" alt=\"\" class=\"wp-image-6254\" style=\"width:576px;height:auto\" srcset=\"https:\/\/sentiernaturemontmelas.fr\/wp-content\/uploads\/2026\/01\/IMG_5387-1024x768.jpg 1024w, https:\/\/sentiernaturemontmelas.fr\/wp-content\/uploads\/2026\/01\/IMG_5387-300x225.jpg 300w, https:\/\/sentiernaturemontmelas.fr\/wp-content\/uploads\/2026\/01\/IMG_5387-768x576.jpg 768w, https:\/\/sentiernaturemontmelas.fr\/wp-content\/uploads\/2026\/01\/IMG_5387-1536x1152.jpg 1536w, https:\/\/sentiernaturemontmelas.fr\/wp-content\/uploads\/2026\/01\/IMG_5387-2048x1536.jpg 2048w\" sizes=\"(max-width: 706px) 89vw, (max-width: 767px) 82vw, 740px\" \/><\/figure>\n\n\n\n<figure class=\"wp-block-image size-full\"><img loading=\"lazy\" decoding=\"async\" width=\"2560\" height=\"1696\" src=\"https:\/\/sentiernaturemontmelas.fr\/wp-content\/uploads\/2026\/03\/Rana_dalmatina_Grenouille_agile-scaled.jpg\" alt=\"\" class=\"wp-image-6317\" srcset=\"https:\/\/sentiernaturemontmelas.fr\/wp-content\/uploads\/2026\/03\/Rana_dalmatina_Grenouille_agile-scaled.jpg 2560w, https:\/\/sentiernaturemontmelas.fr\/wp-content\/uploads\/2026\/03\/Rana_dalmatina_Grenouille_agile-300x199.jpg 300w, https:\/\/sentiernaturemontmelas.fr\/wp-content\/uploads\/2026\/03\/Rana_dalmatina_Grenouille_agile-1024x678.jpg 1024w, https:\/\/sentiernaturemontmelas.fr\/wp-content\/uploads\/2026\/03\/Rana_dalmatina_Grenouille_agile-768x509.jpg 768w, https:\/\/sentiernaturemontmelas.fr\/wp-content\/uploads\/2026\/03\/Rana_dalmatina_Grenouille_agile-1536x1017.jpg 1536w, https:\/\/sentiernaturemontmelas.fr\/wp-content\/uploads\/2026\/03\/Rana_dalmatina_Grenouille_agile-2048x1356.jpg 2048w\" sizes=\"(max-width: 706px) 89vw, (max-width: 767px) 82vw, 740px\" \/><\/figure>\n","protected":false},"excerpt":{"rendered":"<p>Le samedi 7 mars 2026, avec quelques \u00e9l\u00e8ves, parents et enseigants, nous avons remis les panneaux. La semaine pr\u00e9c\u00e9dente, nous avions r\u00e9fl\u00e9chi \u00e0 des endroits o\u00f9 mettre les nouveaux panneaux qui \u00e9taient sur le chat sauvage, la vip\u00e8re aspic et le lapin de garenne. Il y a aussi des anciens panneaux que nous avons r\u00e9\u00e9crits &hellip; <\/p>\n<p class=\"link-more\"><a href=\"https:\/\/sentiernaturemontmelas.fr\/index.php\/2026\/03\/12\/le-sentier-nature-est-pret-a-accueillir-nos-correspondants-belges\/\" class=\"more-link\">Continuer la lecture<span class=\"screen-reader-text\"> de &laquo;&nbsp;Le sentier nature est pr\u00eat \u00e0 accueillir nos correspondants belges&nbsp;&raquo;<\/span><\/a><\/p>\n","protected":false},"author":3,"featured_media":0,"comment_status":"open","ping_status":"","sticky":false,"template":"","format":"standard","meta":{"footnotes":""},"categories":[1],"tags":[],"_links":{"self":[{"href":"https:\/\/sentiernaturemontmelas.fr\/index.php\/wp-json\/wp\/v2\/posts\/6298"}],"collection":[{"href":"https:\/\/sentiernaturemontmelas.fr\/index.php\/wp-json\/wp\/v2\/posts"}],"about":[{"href":"https:\/\/sentiernaturemontmelas.fr\/index.php\/wp-json\/wp\/v2\/types\/post"}],"author":[{"embeddable":true,"href":"https:\/\/sentiernaturemontmelas.fr\/index.php\/wp-json\/wp\/v2\/users\/3"}],"replies":[{"embeddable":true,"href":"https:\/\/sentiernaturemontmelas.fr\/index.php\/wp-json\/wp\/v2\/comments?post=6298"}],"version-history":[{"count":7,"href":"https:\/\/sentiernaturemontmelas.fr\/index.php\/wp-json\/wp\/v2\/posts\/6298\/revisions"}],"predecessor-version":[{"id":6338,"href":"https:\/\/sentiernaturemontmelas.fr\/index.php\/wp-json\/wp\/v2\/posts\/6298\/revisions\/6338"}],"wp:attachment":[{"href":"https:\/\/sentiernaturemontmelas.fr\/index.php\/wp-json\/wp\/v2\/media?parent=6298"}],"wp:term":[{"taxonomy":"category","embeddable":true,"href":"https:\/\/sentiernaturemontmelas.fr\/index.php\/wp-json\/wp\/v2\/categories?post=6298"},{"taxonomy":"post_tag","embeddable":true,"href":"https:\/\/sentiernaturemontmelas.fr\/index.php\/wp-json\/wp\/v2\/tags?post=6298"}],"curies":[{"name":"wp","href":"https:\/\/api.w.org\/{rel}","templated":true}]}}