{"id":6441,"date":"2026-09-04T18:23:03","date_gmt":"2026-09-04T16:23:03","guid":{"rendered":"https:\/\/sentiernaturemontmelas.fr\/?p=6441"},"modified":"2026-09-04T18:23:03","modified_gmt":"2026-09-04T16:23:03","slug":"premiere-sortie-de-lannee-sur-le-sentier-pour-les-cycles-2","status":"publish","type":"post","link":"https:\/\/sentiernaturemontmelas.fr\/index.php\/2026\/09\/04\/premiere-sortie-de-lannee-sur-le-sentier-pour-les-cycles-2\/","title":{"rendered":"Premi\u00e8re sortie de l&rsquo;ann\u00e9e sur le sentier pour les Cycles 2"},"content":{"rendered":"\n<p>Hier nous sommes all\u00e9s au sentier nature. Et nous avons pris des b\u00e2tons, des feuilles, des cailloux pour faire notre \u00e9tiquette de porte manteau. Et nous avons pu mieux respirer.dans la classe nous faisons les panneaux du sentier nature.<\/p>\n\n\n\n<p>Laya<\/p>\n\n\n\n<p><\/p>\n\n\n\n<p>Hier,  nous sommes all\u00e9s au sentier nature et on a vu une tourterelle et des feuilles devant moi. Il y avait tant de feuilles.<\/p>\n\n\n\n<p>Fin <\/p>\n\n\n\n<p>Soline<\/p>\n\n\n","protected":false},"excerpt":{"rendered":"<p>Hier nous sommes all\u00e9s au sentier nature. Et nous avons pris des b\u00e2tons, des feuilles, des cailloux pour faire notre \u00e9tiquette de porte manteau. Et nous avons pu mieux respirer.dans la classe nous faisons les panneaux du sentier nature. Laya Hier, nous sommes all\u00e9s au sentier nature et on a vu une tourterelle et des &hellip; <\/p>\n<p class=\"link-more\"><a href=\"https:\/\/sentiernaturemontmelas.fr\/index.php\/2026\/09\/04\/premiere-sortie-de-lannee-sur-le-sentier-pour-les-cycles-2\/\" class=\"more-link\">Continuer la lecture<span class=\"screen-reader-text\"> de &laquo;&nbsp;Premi\u00e8re sortie de l&rsquo;ann\u00e9e sur le sentier pour les Cycles 2&nbsp;&raquo;<\/span><\/a><\/p>\n","protected":false},"author":1,"featured_media":0,"comment_status":"open","ping_status":"","sticky":false,"template":"","format":"standard","meta":{"footnotes":""},"categories":[1],"tags":[],"_links":{"self":[{"href":"https:\/\/sentiernaturemontmelas.fr\/index.php\/wp-json\/wp\/v2\/posts\/6441"}],"collection":[{"href":"https:\/\/sentiernaturemontmelas.fr\/index.php\/wp-json\/wp\/v2\/posts"}],"about":[{"href":"https:\/\/sentiernaturemontmelas.fr\/index.php\/wp-json\/wp\/v2\/types\/post"}],"author":[{"embeddable":true,"href":"https:\/\/sentiernaturemontmelas.fr\/index.php\/wp-json\/wp\/v2\/users\/1"}],"replies":[{"embeddable":true,"href":"https:\/\/sentiernaturemontmelas.fr\/index.php\/wp-json\/wp\/v2\/comments?post=6441"}],"version-history":[{"count":1,"href":"https:\/\/sentiernaturemontmelas.fr\/index.php\/wp-json\/wp\/v2\/posts\/6441\/revisions"}],"predecessor-version":[{"id":6442,"href":"https:\/\/sentiernaturemontmelas.fr\/index.php\/wp-json\/wp\/v2\/posts\/6441\/revisions\/6442"}],"wp:attachment":[{"href":"https:\/\/sentiernaturemontmelas.fr\/index.php\/wp-json\/wp\/v2\/media?parent=6441"}],"wp:term":[{"taxonomy":"category","embeddable":true,"href":"https:\/\/sentiernaturemontmelas.fr\/index.php\/wp-json\/wp\/v2\/categories?post=6441"},{"taxonomy":"post_tag","embeddable":true,"href":"https:\/\/sentiernaturemontmelas.fr\/index.php\/wp-json\/wp\/v2\/tags?post=6441"}],"curies":[{"name":"wp","href":"https:\/\/api.w.org\/{rel}","templated":true}]}}