{"id":7,"date":"2019-10-15T09:10:00","date_gmt":"2019-10-15T07:10:00","guid":{"rendered":""},"modified":"2019-10-15T17:38:00","modified_gmt":"2019-10-15T15:38:00","slug":"ramassage-des-courges-chez-pierre-lacote","status":"publish","type":"post","link":"https:\/\/sentiernaturemontmelas.fr\/index.php\/2019\/10\/15\/ramassage-des-courges-chez-pierre-lacote\/","title":{"rendered":"Ramassage des courges chez Pierre Lacote"},"content":{"rendered":"\n<ul class=\"wp-block-gallery columns-3 is-cropped wp-block-gallery-1 is-layout-flex wp-block-gallery-is-layout-flex\"><li class=\"blocks-gallery-item\"><figure><img loading=\"lazy\" decoding=\"async\" width=\"1024\" height=\"768\" src=\"http:\/\/sentiernaturemontmelas.fr\/wp-content\/uploads\/2019\/10\/P1190652-1024x768.jpg\" alt=\"\" data-id=\"65\" data-link=\"http:\/\/sentiernaturemontmelas.fr\/index.php\/2019\/10\/15\/ramassage-des-courges-chez-pierre-lacote\/p1190652-jpg\/\" class=\"wp-image-65\" srcset=\"https:\/\/sentiernaturemontmelas.fr\/wp-content\/uploads\/2019\/10\/P1190652.jpg 1024w, https:\/\/sentiernaturemontmelas.fr\/wp-content\/uploads\/2019\/10\/P1190652-300x225.jpg 300w, https:\/\/sentiernaturemontmelas.fr\/wp-content\/uploads\/2019\/10\/P1190652-768x576.jpg 768w\" sizes=\"(max-width: 706px) 89vw, (max-width: 767px) 82vw, 740px\" \/><\/figure><\/li><li class=\"blocks-gallery-item\"><figure><img loading=\"lazy\" decoding=\"async\" width=\"640\" height=\"480\" src=\"http:\/\/sentiernaturemontmelas.fr\/wp-content\/uploads\/2019\/10\/P1190632.jpg\" alt=\"\" data-id=\"63\" data-link=\"http:\/\/sentiernaturemontmelas.fr\/index.php\/2019\/10\/15\/ramassage-des-courges-chez-pierre-lacote\/p1190632-jpg\/\" class=\"wp-image-63\" srcset=\"https:\/\/sentiernaturemontmelas.fr\/wp-content\/uploads\/2019\/10\/P1190632.jpg 640w, https:\/\/sentiernaturemontmelas.fr\/wp-content\/uploads\/2019\/10\/P1190632-300x225.jpg 300w\" sizes=\"(max-width: 640px) 100vw, 640px\" \/><\/figure><\/li><li class=\"blocks-gallery-item\"><figure><img loading=\"lazy\" decoding=\"async\" width=\"1024\" height=\"768\" src=\"http:\/\/sentiernaturemontmelas.fr\/wp-content\/uploads\/2019\/10\/P1190677-1024x768.jpg\" alt=\"\" data-id=\"64\" data-link=\"http:\/\/sentiernaturemontmelas.fr\/index.php\/2019\/10\/15\/ramassage-des-courges-chez-pierre-lacote\/p1190677-jpg\/\" class=\"wp-image-64\" srcset=\"https:\/\/sentiernaturemontmelas.fr\/wp-content\/uploads\/2019\/10\/P1190677.jpg 1024w, https:\/\/sentiernaturemontmelas.fr\/wp-content\/uploads\/2019\/10\/P1190677-300x225.jpg 300w, https:\/\/sentiernaturemontmelas.fr\/wp-content\/uploads\/2019\/10\/P1190677-768x576.jpg 768w\" sizes=\"(max-width: 706px) 89vw, (max-width: 767px) 82vw, 740px\" \/><\/figure><\/li><\/ul>\n\n\n\n<p>Ramassage des courges chez Pierre Lacote. &nbsp; Vendredi 11 octobre, avec toute l\u2019\u00e9cole, nous sommes all\u00e9s ramasser les courges dans le jardin de Pierre Lacote. Nous en avons ramass\u00e9 \u00e0 peu pr\u00e8s 800 (en comptant les coloquintes) et 47 chez les Jaquet. Cette ann\u00e9e, l\u2019\u00e9cole a ramass\u00e9 une remorque et demi, alors qu\u2019il y a deux ans, elle en avait fait qu\u2019une. Nous sommes partis \u00e0 pied de l\u2019\u00e9cole jusqu\u2019\u00e0 chez Pierre Lacote. Nos deux responsables de presse, Tym\u00e9o et Agathe, ont \u00e9t\u00e9 interview\u00e9 par Georges Maire. Il a pris des photos et a publi\u00e9 son article sur le site internet du Progr\u00e8s. L\u2019avis des \u00e9l\u00e8ves&nbsp;:  &#8211;&nbsp;Agathe&nbsp;: J\u2019ai beaucoup aim\u00e9 ramasser les courges car c\u2019\u00e9tait un beau travail collectif et que mon groupe de jardin \u00e9tait tr\u00e8s bien et on a bien rigol\u00e9. &nbsp; &#8211;&nbsp;Tym\u00e9o&nbsp;: j\u2019ai bien aim\u00e9 ranger les courges dans la remorque, les courges \u00e9tait tr\u00e8s grosses, belles et dr\u00f4les. &nbsp; &#8211;&nbsp;&nbsp;Zo\u00e9&nbsp;: j\u2019ai bien aim\u00e9 parce que les courges \u00e9taient magnifiques et marantes. &nbsp; Agathe et Tym\u00e9o &nbsp; &nbsp; &nbsp; &nbsp; <\/p>\n","protected":false},"excerpt":{"rendered":"<p>Ramassage des courges chez Pierre Lacote. &nbsp; Vendredi 11 octobre, avec toute l\u2019\u00e9cole, nous sommes all\u00e9s ramasser les courges dans le jardin de Pierre Lacote. Nous en avons ramass\u00e9 \u00e0 peu pr\u00e8s 800 (en comptant les coloquintes) et 47 chez les Jaquet. Cette ann\u00e9e, l\u2019\u00e9cole a ramass\u00e9 une remorque et demi, alors qu\u2019il y a &hellip; <\/p>\n<p class=\"link-more\"><a href=\"https:\/\/sentiernaturemontmelas.fr\/index.php\/2019\/10\/15\/ramassage-des-courges-chez-pierre-lacote\/\" class=\"more-link\">Continuer la lecture<span class=\"screen-reader-text\"> de &laquo;&nbsp;Ramassage des courges chez Pierre Lacote&nbsp;&raquo;<\/span><\/a><\/p>\n","protected":false},"author":2,"featured_media":63,"comment_status":"open","ping_status":"open","sticky":false,"template":"","format":"standard","meta":{"footnotes":""},"categories":[1],"tags":[],"_links":{"self":[{"href":"https:\/\/sentiernaturemontmelas.fr\/index.php\/wp-json\/wp\/v2\/posts\/7"}],"collection":[{"href":"https:\/\/sentiernaturemontmelas.fr\/index.php\/wp-json\/wp\/v2\/posts"}],"about":[{"href":"https:\/\/sentiernaturemontmelas.fr\/index.php\/wp-json\/wp\/v2\/types\/post"}],"author":[{"embeddable":true,"href":"https:\/\/sentiernaturemontmelas.fr\/index.php\/wp-json\/wp\/v2\/users\/2"}],"replies":[{"embeddable":true,"href":"https:\/\/sentiernaturemontmelas.fr\/index.php\/wp-json\/wp\/v2\/comments?post=7"}],"version-history":[{"count":5,"href":"https:\/\/sentiernaturemontmelas.fr\/index.php\/wp-json\/wp\/v2\/posts\/7\/revisions"}],"predecessor-version":[{"id":128,"href":"https:\/\/sentiernaturemontmelas.fr\/index.php\/wp-json\/wp\/v2\/posts\/7\/revisions\/128"}],"wp:featuredmedia":[{"embeddable":true,"href":"https:\/\/sentiernaturemontmelas.fr\/index.php\/wp-json\/wp\/v2\/media\/63"}],"wp:attachment":[{"href":"https:\/\/sentiernaturemontmelas.fr\/index.php\/wp-json\/wp\/v2\/media?parent=7"}],"wp:term":[{"taxonomy":"category","embeddable":true,"href":"https:\/\/sentiernaturemontmelas.fr\/index.php\/wp-json\/wp\/v2\/categories?post=7"},{"taxonomy":"post_tag","embeddable":true,"href":"https:\/\/sentiernaturemontmelas.fr\/index.php\/wp-json\/wp\/v2\/tags?post=7"}],"curies":[{"name":"wp","href":"https:\/\/api.w.org\/{rel}","templated":true}]}}