{"id":821,"date":"2020-10-16T11:37:01","date_gmt":"2020-10-16T09:37:01","guid":{"rendered":"http:\/\/sentiernaturemontmelas.fr\/?p=821"},"modified":"2020-12-08T09:22:08","modified_gmt":"2020-12-08T08:22:08","slug":"travaux-sur-le-sentier","status":"publish","type":"post","link":"https:\/\/sentiernaturemontmelas.fr\/index.php\/2020\/10\/16\/travaux-sur-le-sentier\/","title":{"rendered":"Travaux sur le sentier"},"content":{"rendered":"\n<figure class=\"wp-block-image size-large is-resized\"><img loading=\"lazy\" decoding=\"async\" src=\"http:\/\/sentiernaturemontmelas.fr\/wp-content\/uploads\/2020\/11\/IMG_7535-768x1024.jpg\" alt=\"\" class=\"wp-image-834\" width=\"674\" height=\"898\" srcset=\"https:\/\/sentiernaturemontmelas.fr\/wp-content\/uploads\/2020\/11\/IMG_7535-768x1024.jpg 768w, https:\/\/sentiernaturemontmelas.fr\/wp-content\/uploads\/2020\/11\/IMG_7535-225x300.jpg 225w, https:\/\/sentiernaturemontmelas.fr\/wp-content\/uploads\/2020\/11\/IMG_7535-1152x1536.jpg 1152w, https:\/\/sentiernaturemontmelas.fr\/wp-content\/uploads\/2020\/11\/IMG_7535-1536x2048.jpg 1536w, https:\/\/sentiernaturemontmelas.fr\/wp-content\/uploads\/2020\/11\/IMG_7535-scaled.jpg 1920w\" sizes=\"(max-width: 674px) 100vw, 674px\" \/><\/figure>\n\n\n\n<p>Samedi 10 octobre, nous sommes all\u00e9s sur le sentier.  Nous avons plant\u00e9 les piquets du nouveau parcours g\u00e9ologique ! Il ne restera plus qu&rsquo;\u00e0 mettre les panneaux ! On a aussi remis quelques installations du sentier. Les parents  ont refait les barri\u00e8res de la mare  et ont d\u00e9broussaill\u00e9  le nouvel  acc\u00e8s. Les enfants ont fabriqu\u00e9  des cabanes. <\/p>\n\n\n\n<figure class=\"wp-block-gallery columns-1 is-cropped wp-block-gallery-1 is-layout-flex wp-block-gallery-is-layout-flex\"><ul class=\"blocks-gallery-grid\"><li class=\"blocks-gallery-item\"><figure><img loading=\"lazy\" decoding=\"async\" width=\"1024\" height=\"768\" src=\"http:\/\/sentiernaturemontmelas.fr\/wp-content\/uploads\/2020\/11\/IMG_7534-1024x768.jpg\" alt=\"\" data-id=\"835\" data-full-url=\"http:\/\/sentiernaturemontmelas.fr\/wp-content\/uploads\/2020\/11\/IMG_7534-scaled.jpg\" data-link=\"http:\/\/sentiernaturemontmelas.fr\/index.php\/2020\/10\/16\/travaux-sur-le-sentier\/img_7534\/\" class=\"wp-image-835\" srcset=\"https:\/\/sentiernaturemontmelas.fr\/wp-content\/uploads\/2020\/11\/IMG_7534-1024x768.jpg 1024w, https:\/\/sentiernaturemontmelas.fr\/wp-content\/uploads\/2020\/11\/IMG_7534-300x225.jpg 300w, https:\/\/sentiernaturemontmelas.fr\/wp-content\/uploads\/2020\/11\/IMG_7534-768x576.jpg 768w, https:\/\/sentiernaturemontmelas.fr\/wp-content\/uploads\/2020\/11\/IMG_7534-1536x1152.jpg 1536w, https:\/\/sentiernaturemontmelas.fr\/wp-content\/uploads\/2020\/11\/IMG_7534-2048x1536.jpg 2048w\" sizes=\"(max-width: 706px) 89vw, (max-width: 767px) 82vw, 740px\" \/><\/figure><\/li><\/ul><\/figure>\n\n\n\n<p>Cl\u00e9ment et Gabriel<\/p>\n","protected":false},"excerpt":{"rendered":"<p>Samedi 10 octobre, nous sommes all\u00e9s sur le sentier. Nous avons plant\u00e9 les piquets du nouveau parcours g\u00e9ologique ! Il ne restera plus qu&rsquo;\u00e0 mettre les panneaux ! On a aussi remis quelques installations du sentier. Les parents ont refait les barri\u00e8res de la mare et ont d\u00e9broussaill\u00e9 le nouvel acc\u00e8s. Les enfants ont fabriqu\u00e9 &hellip; <\/p>\n<p class=\"link-more\"><a href=\"https:\/\/sentiernaturemontmelas.fr\/index.php\/2020\/10\/16\/travaux-sur-le-sentier\/\" class=\"more-link\">Continuer la lecture<span class=\"screen-reader-text\"> de &laquo;&nbsp;Travaux sur le sentier&nbsp;&raquo;<\/span><\/a><\/p>\n","protected":false},"author":3,"featured_media":0,"comment_status":"closed","ping_status":"closed","sticky":false,"template":"","format":"standard","meta":{"footnotes":""},"categories":[1],"tags":[],"_links":{"self":[{"href":"https:\/\/sentiernaturemontmelas.fr\/index.php\/wp-json\/wp\/v2\/posts\/821"}],"collection":[{"href":"https:\/\/sentiernaturemontmelas.fr\/index.php\/wp-json\/wp\/v2\/posts"}],"about":[{"href":"https:\/\/sentiernaturemontmelas.fr\/index.php\/wp-json\/wp\/v2\/types\/post"}],"author":[{"embeddable":true,"href":"https:\/\/sentiernaturemontmelas.fr\/index.php\/wp-json\/wp\/v2\/users\/3"}],"replies":[{"embeddable":true,"href":"https:\/\/sentiernaturemontmelas.fr\/index.php\/wp-json\/wp\/v2\/comments?post=821"}],"version-history":[{"count":4,"href":"https:\/\/sentiernaturemontmelas.fr\/index.php\/wp-json\/wp\/v2\/posts\/821\/revisions"}],"predecessor-version":[{"id":836,"href":"https:\/\/sentiernaturemontmelas.fr\/index.php\/wp-json\/wp\/v2\/posts\/821\/revisions\/836"}],"wp:attachment":[{"href":"https:\/\/sentiernaturemontmelas.fr\/index.php\/wp-json\/wp\/v2\/media?parent=821"}],"wp:term":[{"taxonomy":"category","embeddable":true,"href":"https:\/\/sentiernaturemontmelas.fr\/index.php\/wp-json\/wp\/v2\/categories?post=821"},{"taxonomy":"post_tag","embeddable":true,"href":"https:\/\/sentiernaturemontmelas.fr\/index.php\/wp-json\/wp\/v2\/tags?post=821"}],"curies":[{"name":"wp","href":"https:\/\/api.w.org\/{rel}","templated":true}]}}