{"id":880,"date":"2020-11-24T09:55:27","date_gmt":"2020-11-24T08:55:27","guid":{"rendered":"http:\/\/sentiernaturemontmelas.fr\/?p=880"},"modified":"2020-12-07T12:45:40","modified_gmt":"2020-12-07T11:45:40","slug":"un-peu-de-geographie-sur-le-sentier-nature","status":"publish","type":"post","link":"https:\/\/sentiernaturemontmelas.fr\/index.php\/2020\/11\/24\/un-peu-de-geographie-sur-le-sentier-nature\/","title":{"rendered":"Un peu de g\u00e9ographie sur le sentier nature"},"content":{"rendered":"\n<p>Avec la classe, on a fait de la g\u00e9ographie. Nous devions trouver des directions de villes et de pays partout dans le monde. Nous devions aussi trouver les kilom\u00e8tres qui s\u00e9parent Montmelas et les pays que nous cherchions.<\/p>\n\n\n\n<figure class=\"wp-block-image size-large is-resized\"><img loading=\"lazy\" decoding=\"async\" src=\"http:\/\/sentiernaturemontmelas.fr\/wp-content\/uploads\/2020\/11\/IMG_8104-1024x768.jpg\" alt=\"\" class=\"wp-image-898\" width=\"423\" height=\"317\" srcset=\"https:\/\/sentiernaturemontmelas.fr\/wp-content\/uploads\/2020\/11\/IMG_8104-1024x768.jpg 1024w, https:\/\/sentiernaturemontmelas.fr\/wp-content\/uploads\/2020\/11\/IMG_8104-300x225.jpg 300w, https:\/\/sentiernaturemontmelas.fr\/wp-content\/uploads\/2020\/11\/IMG_8104-768x576.jpg 768w, https:\/\/sentiernaturemontmelas.fr\/wp-content\/uploads\/2020\/11\/IMG_8104-1536x1152.jpg 1536w, https:\/\/sentiernaturemontmelas.fr\/wp-content\/uploads\/2020\/11\/IMG_8104-2048x1536.jpg 2048w\" sizes=\"(max-width: 423px) 100vw, 423px\" \/><\/figure>\n\n\n\n<figure class=\"wp-block-image size-large is-resized\"><img loading=\"lazy\" decoding=\"async\" src=\"http:\/\/sentiernaturemontmelas.fr\/wp-content\/uploads\/2020\/11\/IMG_8047-1024x768.jpg\" alt=\"\" class=\"wp-image-894\" width=\"426\" height=\"319\" srcset=\"https:\/\/sentiernaturemontmelas.fr\/wp-content\/uploads\/2020\/11\/IMG_8047-1024x768.jpg 1024w, https:\/\/sentiernaturemontmelas.fr\/wp-content\/uploads\/2020\/11\/IMG_8047-300x225.jpg 300w, https:\/\/sentiernaturemontmelas.fr\/wp-content\/uploads\/2020\/11\/IMG_8047-768x576.jpg 768w, https:\/\/sentiernaturemontmelas.fr\/wp-content\/uploads\/2020\/11\/IMG_8047-1536x1152.jpg 1536w, https:\/\/sentiernaturemontmelas.fr\/wp-content\/uploads\/2020\/11\/IMG_8047-2048x1536.jpg 2048w\" sizes=\"(max-width: 426px) 100vw, 426px\" \/><\/figure>\n\n\n\n<p>Sur le chemin, nous avons trouv\u00e9 un nid de gu\u00eapes dans un trou sous la terre.<\/p>\n\n\n\n<figure class=\"wp-block-image size-large is-resized\"><img loading=\"lazy\" decoding=\"async\" src=\"http:\/\/sentiernaturemontmelas.fr\/wp-content\/uploads\/2020\/11\/IMG_8061-768x1024.jpg\" alt=\"\" class=\"wp-image-895\" width=\"392\" height=\"523\" srcset=\"https:\/\/sentiernaturemontmelas.fr\/wp-content\/uploads\/2020\/11\/IMG_8061-768x1024.jpg 768w, https:\/\/sentiernaturemontmelas.fr\/wp-content\/uploads\/2020\/11\/IMG_8061-225x300.jpg 225w, https:\/\/sentiernaturemontmelas.fr\/wp-content\/uploads\/2020\/11\/IMG_8061-1152x1536.jpg 1152w, https:\/\/sentiernaturemontmelas.fr\/wp-content\/uploads\/2020\/11\/IMG_8061-1536x2048.jpg 1536w, https:\/\/sentiernaturemontmelas.fr\/wp-content\/uploads\/2020\/11\/IMG_8061-scaled.jpg 1920w\" sizes=\"(max-width: 392px) 100vw, 392px\" \/><\/figure>\n\n\n\n<p>Nous avons cherch\u00e9 des renseignements sur les gu\u00eapes, les voici  ci dessous :  <\/p>\n\n\n\n<p>A la fin de l&rsquo;\u00e9t\u00e9, les \u0153ufs donnent des m\u00e2les et des femelles fertiles qui seront f\u00e9cond\u00e9es&#8230;<\/p>\n\n\n\n<p>Aux premiers froids, le nid p\u00e9riclite et toute la colonie dispara\u00eet ; seules les femelles f\u00e9cond\u00e9es hivernent dans un abri naturel.<\/p>\n\n\n\n<p>Les nids sont fabriqu\u00e9s \u00e0 partir de bois d&rsquo;origines diverses, transform\u00e9s en papier par trituration.  Achev\u00e9s, ils sont de forme et de tailles variables et peuvent contenir de quelques dizaines \u00e0 plusieurs milliers d&rsquo;individus, selon l&rsquo;esp\u00e8ce. Apparents ou cach\u00e9s, on les rencontre dans les endroits les plus vari\u00e9s : tronc d&rsquo;arbres creux, coffrages de volets roulants, chemin\u00e9es, greniers&#8230; \u00e0 la cime des arbres aussi bien que dans le sol. On les rep\u00e8re surtout gr\u00e2ce aux all\u00e9es et venues diurnes des ouvri\u00e8res qui peuvent aller chercher leur nourriture assez loin du nid.<\/p>\n\n\n\n<figure class=\"wp-block-image size-large is-resized\"><img loading=\"lazy\" decoding=\"async\" src=\"http:\/\/sentiernaturemontmelas.fr\/wp-content\/uploads\/2020\/11\/IMG_8059-768x1024.jpg\" alt=\"\" class=\"wp-image-897\" width=\"444\" height=\"592\" srcset=\"https:\/\/sentiernaturemontmelas.fr\/wp-content\/uploads\/2020\/11\/IMG_8059-768x1024.jpg 768w, https:\/\/sentiernaturemontmelas.fr\/wp-content\/uploads\/2020\/11\/IMG_8059-225x300.jpg 225w, https:\/\/sentiernaturemontmelas.fr\/wp-content\/uploads\/2020\/11\/IMG_8059-1152x1536.jpg 1152w, https:\/\/sentiernaturemontmelas.fr\/wp-content\/uploads\/2020\/11\/IMG_8059-1536x2048.jpg 1536w, https:\/\/sentiernaturemontmelas.fr\/wp-content\/uploads\/2020\/11\/IMG_8059-scaled.jpg 1920w\" sizes=\"(max-width: 444px) 100vw, 444px\" \/><\/figure>\n\n\n\n<p>Les besoins en nourriture sont doubles : des substances carn\u00e9es pour les larves (cadavres d&rsquo;insectes, fragments de viande &#8230;) et des mati\u00e8res sucr\u00e9es (fruits) et prot\u00e9ines animales ou v\u00e9g\u00e9tales (pollens) pour les adultes.<\/p>\n\n\n\n<p>Pour nourrir les larves, les adultes capturent des quantit\u00e9s tr\u00e8s importantes de mouches, chenilles et autres insectes (moustiques\u2026)<\/p>\n\n\n\n<figure class=\"wp-block-gallery columns-3 is-cropped wp-block-gallery-1 is-layout-flex wp-block-gallery-is-layout-flex\"><ul class=\"blocks-gallery-grid\"><li class=\"blocks-gallery-item\"><figure><img loading=\"lazy\" decoding=\"async\" width=\"768\" height=\"1024\" src=\"http:\/\/sentiernaturemontmelas.fr\/wp-content\/uploads\/2020\/11\/IMG_8070-768x1024.jpg\" alt=\"\" data-id=\"903\" data-link=\"http:\/\/sentiernaturemontmelas.fr\/index.php\/2020\/11\/24\/un-peu-de-geographie-sur-le-sentier-nature\/img_8070\/\" class=\"wp-image-903\" srcset=\"https:\/\/sentiernaturemontmelas.fr\/wp-content\/uploads\/2020\/11\/IMG_8070-768x1024.jpg 768w, https:\/\/sentiernaturemontmelas.fr\/wp-content\/uploads\/2020\/11\/IMG_8070-225x300.jpg 225w, https:\/\/sentiernaturemontmelas.fr\/wp-content\/uploads\/2020\/11\/IMG_8070-1152x1536.jpg 1152w, https:\/\/sentiernaturemontmelas.fr\/wp-content\/uploads\/2020\/11\/IMG_8070-1536x2048.jpg 1536w, https:\/\/sentiernaturemontmelas.fr\/wp-content\/uploads\/2020\/11\/IMG_8070-scaled.jpg 1920w\" sizes=\"(max-width: 706px) 89vw, (max-width: 767px) 82vw, 740px\" \/><\/figure><\/li><li class=\"blocks-gallery-item\"><figure><img loading=\"lazy\" decoding=\"async\" width=\"768\" height=\"1024\" src=\"http:\/\/sentiernaturemontmelas.fr\/wp-content\/uploads\/2020\/11\/IMG_8079-768x1024.jpg\" alt=\"\" data-id=\"905\" data-link=\"http:\/\/sentiernaturemontmelas.fr\/index.php\/2020\/11\/24\/un-peu-de-geographie-sur-le-sentier-nature\/img_8079\/\" class=\"wp-image-905\" srcset=\"https:\/\/sentiernaturemontmelas.fr\/wp-content\/uploads\/2020\/11\/IMG_8079-768x1024.jpg 768w, https:\/\/sentiernaturemontmelas.fr\/wp-content\/uploads\/2020\/11\/IMG_8079-225x300.jpg 225w, https:\/\/sentiernaturemontmelas.fr\/wp-content\/uploads\/2020\/11\/IMG_8079-1152x1536.jpg 1152w, https:\/\/sentiernaturemontmelas.fr\/wp-content\/uploads\/2020\/11\/IMG_8079-1536x2048.jpg 1536w, https:\/\/sentiernaturemontmelas.fr\/wp-content\/uploads\/2020\/11\/IMG_8079-scaled.jpg 1920w\" sizes=\"(max-width: 706px) 89vw, (max-width: 767px) 82vw, 740px\" \/><\/figure><\/li><li class=\"blocks-gallery-item\"><figure><img loading=\"lazy\" decoding=\"async\" width=\"768\" height=\"1024\" src=\"http:\/\/sentiernaturemontmelas.fr\/wp-content\/uploads\/2020\/11\/IMG_8090-768x1024.jpg\" alt=\"\" data-id=\"906\" data-full-url=\"http:\/\/sentiernaturemontmelas.fr\/wp-content\/uploads\/2020\/11\/IMG_8090-scaled.jpg\" data-link=\"http:\/\/sentiernaturemontmelas.fr\/index.php\/2020\/11\/24\/un-peu-de-geographie-sur-le-sentier-nature\/img_8090\/\" class=\"wp-image-906\" srcset=\"https:\/\/sentiernaturemontmelas.fr\/wp-content\/uploads\/2020\/11\/IMG_8090-768x1024.jpg 768w, https:\/\/sentiernaturemontmelas.fr\/wp-content\/uploads\/2020\/11\/IMG_8090-225x300.jpg 225w, https:\/\/sentiernaturemontmelas.fr\/wp-content\/uploads\/2020\/11\/IMG_8090-1152x1536.jpg 1152w, https:\/\/sentiernaturemontmelas.fr\/wp-content\/uploads\/2020\/11\/IMG_8090-1536x2048.jpg 1536w, https:\/\/sentiernaturemontmelas.fr\/wp-content\/uploads\/2020\/11\/IMG_8090-scaled.jpg 1920w\" sizes=\"(max-width: 706px) 89vw, (max-width: 767px) 82vw, 740px\" \/><\/figure><\/li><\/ul><\/figure>\n\n\n\n<p>mer de glands&#8230;<\/p>\n\n\n\n<figure class=\"wp-block-gallery columns-2 is-cropped wp-block-gallery-2 is-layout-flex wp-block-gallery-is-layout-flex\"><ul class=\"blocks-gallery-grid\"><li class=\"blocks-gallery-item\"><figure><img loading=\"lazy\" decoding=\"async\" width=\"768\" height=\"1024\" src=\"http:\/\/sentiernaturemontmelas.fr\/wp-content\/uploads\/2020\/11\/IMG_8091-768x1024.jpg\" alt=\"\" data-id=\"907\" data-link=\"http:\/\/sentiernaturemontmelas.fr\/index.php\/2020\/11\/24\/un-peu-de-geographie-sur-le-sentier-nature\/img_8091\/\" class=\"wp-image-907\" srcset=\"https:\/\/sentiernaturemontmelas.fr\/wp-content\/uploads\/2020\/11\/IMG_8091-768x1024.jpg 768w, https:\/\/sentiernaturemontmelas.fr\/wp-content\/uploads\/2020\/11\/IMG_8091-225x300.jpg 225w, https:\/\/sentiernaturemontmelas.fr\/wp-content\/uploads\/2020\/11\/IMG_8091-1152x1536.jpg 1152w, https:\/\/sentiernaturemontmelas.fr\/wp-content\/uploads\/2020\/11\/IMG_8091-1536x2048.jpg 1536w, https:\/\/sentiernaturemontmelas.fr\/wp-content\/uploads\/2020\/11\/IMG_8091-scaled.jpg 1920w\" sizes=\"(max-width: 706px) 89vw, (max-width: 767px) 82vw, 740px\" \/><\/figure><\/li><li class=\"blocks-gallery-item\"><figure><img loading=\"lazy\" decoding=\"async\" width=\"768\" height=\"1024\" src=\"http:\/\/sentiernaturemontmelas.fr\/wp-content\/uploads\/2020\/11\/IMG_8095-768x1024.jpg\" alt=\"\" data-id=\"908\" data-full-url=\"http:\/\/sentiernaturemontmelas.fr\/wp-content\/uploads\/2020\/11\/IMG_8095-scaled.jpg\" data-link=\"http:\/\/sentiernaturemontmelas.fr\/index.php\/2020\/11\/24\/un-peu-de-geographie-sur-le-sentier-nature\/img_8095\/\" class=\"wp-image-908\" srcset=\"https:\/\/sentiernaturemontmelas.fr\/wp-content\/uploads\/2020\/11\/IMG_8095-768x1024.jpg 768w, https:\/\/sentiernaturemontmelas.fr\/wp-content\/uploads\/2020\/11\/IMG_8095-225x300.jpg 225w, https:\/\/sentiernaturemontmelas.fr\/wp-content\/uploads\/2020\/11\/IMG_8095-1152x1536.jpg 1152w, https:\/\/sentiernaturemontmelas.fr\/wp-content\/uploads\/2020\/11\/IMG_8095-1536x2048.jpg 1536w, https:\/\/sentiernaturemontmelas.fr\/wp-content\/uploads\/2020\/11\/IMG_8095-scaled.jpg 1920w\" sizes=\"(max-width: 706px) 89vw, (max-width: 767px) 82vw, 740px\" \/><\/figure><\/li><\/ul><\/figure>\n\n\n\n<p><\/p>\n\n\n\n<p> Nolan et Cl\u00e9ment \ud83e\udd20\ud83e\udd20  <\/p>\n\n\n\n<p><\/p>\n\n\n\n<p>             <\/p>\n","protected":false},"excerpt":{"rendered":"<p>Avec la classe, on a fait de la g\u00e9ographie. Nous devions trouver des directions de villes et de pays partout dans le monde. Nous devions aussi trouver les kilom\u00e8tres qui s\u00e9parent Montmelas et les pays que nous cherchions. Sur le chemin, nous avons trouv\u00e9 un nid de gu\u00eapes dans un trou sous la terre. Nous &hellip; <\/p>\n<p class=\"link-more\"><a href=\"https:\/\/sentiernaturemontmelas.fr\/index.php\/2020\/11\/24\/un-peu-de-geographie-sur-le-sentier-nature\/\" class=\"more-link\">Continuer la lecture<span class=\"screen-reader-text\"> de &laquo;&nbsp;Un peu de g\u00e9ographie sur le sentier nature&nbsp;&raquo;<\/span><\/a><\/p>\n","protected":false},"author":3,"featured_media":0,"comment_status":"open","ping_status":"open","sticky":false,"template":"","format":"standard","meta":{"footnotes":""},"categories":[1],"tags":[],"_links":{"self":[{"href":"https:\/\/sentiernaturemontmelas.fr\/index.php\/wp-json\/wp\/v2\/posts\/880"}],"collection":[{"href":"https:\/\/sentiernaturemontmelas.fr\/index.php\/wp-json\/wp\/v2\/posts"}],"about":[{"href":"https:\/\/sentiernaturemontmelas.fr\/index.php\/wp-json\/wp\/v2\/types\/post"}],"author":[{"embeddable":true,"href":"https:\/\/sentiernaturemontmelas.fr\/index.php\/wp-json\/wp\/v2\/users\/3"}],"replies":[{"embeddable":true,"href":"https:\/\/sentiernaturemontmelas.fr\/index.php\/wp-json\/wp\/v2\/comments?post=880"}],"version-history":[{"count":9,"href":"https:\/\/sentiernaturemontmelas.fr\/index.php\/wp-json\/wp\/v2\/posts\/880\/revisions"}],"predecessor-version":[{"id":999,"href":"https:\/\/sentiernaturemontmelas.fr\/index.php\/wp-json\/wp\/v2\/posts\/880\/revisions\/999"}],"wp:attachment":[{"href":"https:\/\/sentiernaturemontmelas.fr\/index.php\/wp-json\/wp\/v2\/media?parent=880"}],"wp:term":[{"taxonomy":"category","embeddable":true,"href":"https:\/\/sentiernaturemontmelas.fr\/index.php\/wp-json\/wp\/v2\/categories?post=880"},{"taxonomy":"post_tag","embeddable":true,"href":"https:\/\/sentiernaturemontmelas.fr\/index.php\/wp-json\/wp\/v2\/tags?post=880"}],"curies":[{"name":"wp","href":"https:\/\/api.w.org\/{rel}","templated":true}]}}