{"id":918,"date":"2020-12-04T09:24:06","date_gmt":"2020-12-04T08:24:06","guid":{"rendered":"http:\/\/sentiernaturemontmelas.fr\/?p=918"},"modified":"2020-12-15T08:03:12","modified_gmt":"2020-12-15T07:03:12","slug":"le-chemin-mysterilleux","status":"publish","type":"post","link":"https:\/\/sentiernaturemontmelas.fr\/index.php\/2020\/12\/04\/le-chemin-mysterilleux\/","title":{"rendered":"le chemin myst\u00e9rieux"},"content":{"rendered":"\n<p><\/p>\n\n\n\n<p> Mercredi 25 novembre, nous sommes all\u00e9s sur le sentier, <em>les \u00e9l\u00e8ves ont suivi une feuille de g\u00e9ographie. Pendant ce temps,  nous avons trouv\u00e9 une sorte de boule noire qui \u00e9tait enfonc\u00e9e dans la terre, nous l&rsquo;avons sortie du sol, on a fait des recherches et c&rsquo;est  une crotte de chevreuil. <\/em> Voici la photo :<\/p>\n\n\n\n<figure class=\"wp-block-image size-large is-resized\"><img loading=\"lazy\" decoding=\"async\" src=\"http:\/\/sentiernaturemontmelas.fr\/wp-content\/uploads\/2020\/12\/P1200060.jpg\" alt=\"\" class=\"wp-image-944\" width=\"619\" height=\"464\" srcset=\"https:\/\/sentiernaturemontmelas.fr\/wp-content\/uploads\/2020\/12\/P1200060.jpg 640w, https:\/\/sentiernaturemontmelas.fr\/wp-content\/uploads\/2020\/12\/P1200060-300x225.jpg 300w\" sizes=\"(max-width: 619px) 100vw, 619px\" \/><\/figure>\n\n\n\n<p>      <\/p>\n\n\n\n<h3 class=\"wp-block-heading\">Voici notre recherche sur les crottes de chevreuil:<\/h3>\n\n\n\n<h4 class=\"wp-block-heading\">Les crottes du Chevreuil.<\/h4>\n\n\n\n<p>Les crottes du Chevreuil sont appel\u00e9es moquettes, elles sont relativement petites.<\/p>\n\n\n\n<figure class=\"wp-block-image\"><a href=\"https:\/\/4.bp.blogspot.com\/-_wAJV1AwYxw\/WiZFEs_EUbI\/AAAAAAABRCU\/8A112wpovGEfyKdOdfuwMvglcgJhQVshgCKgBGAs\/s1600\/IMG_0041.jpg\"><img decoding=\"async\" src=\"https:\/\/4.bp.blogspot.com\/-_wAJV1AwYxw\/WiZFEs_EUbI\/AAAAAAABRCU\/8A112wpovGEfyKdOdfuwMvglcgJhQVshgCKgBGAs\/s640\/IMG_0041.jpg\" alt=\"\" title=\"moquette-chevreuil-cr\u00e9dit-photo-jean-paul-lahache\"\/><\/a><\/figure>\n\n\n\n<figure class=\"wp-block-image\"><a href=\"https:\/\/4.bp.blogspot.com\/-VW3KevP3V9A\/WiZEu0bj7vI\/AAAAAAABRCA\/V9wFPrYE7lEoe9ahDxYIjbyKeVNQEgS3gCKgBGAs\/s1600\/chevreuil-cliche-jean-paul-lahache%2B%25285%2529.jpg\"><img decoding=\"async\" src=\"https:\/\/4.bp.blogspot.com\/-VW3KevP3V9A\/WiZEu0bj7vI\/AAAAAAABRCA\/V9wFPrYE7lEoe9ahDxYIjbyKeVNQEgS3gCKgBGAs\/s640\/chevreuil-cliche-jean-paul-lahache%2B%25285%2529.jpg\" alt=\"\" title=\"moquette-chevreuil-cr\u00e9dit-photo-jean-paul-lahache\"\/><\/a><\/figure>\n\n\n\n<p>EXTRAIT DU SITE  : <a href=\"https:\/\/www.xn--unregarddiffrentsurlanature-moc.com\/2013\/02\/il-y-crottes-et-crottes-note-2013-023.html\">un regard diff\u00e9rent sur la nature<\/a><\/p>\n\n\n\n<p><\/p>\n\n\n\n<p>Sur le sentier, nous avons trouv\u00e9 un chemin myst\u00e9rieux.   Il est sous la tour d&rsquo;observation. Nous sommes all\u00e9s dans le passage avec Ana, Lola, Jade et Toineau. Puis, Cl\u00e9ment et Nolan nous ont rejoints.  <\/p>\n\n\n\n<p> <\/p>\n\n\n\n<figure class=\"wp-block-image size-large\"><img loading=\"lazy\" decoding=\"async\" width=\"1024\" height=\"768\" src=\"http:\/\/sentiernaturemontmelas.fr\/wp-content\/uploads\/2020\/12\/P1200063-1024x768.jpg\" alt=\"\" class=\"wp-image-962\" srcset=\"https:\/\/sentiernaturemontmelas.fr\/wp-content\/uploads\/2020\/12\/P1200063-1024x768.jpg 1024w, https:\/\/sentiernaturemontmelas.fr\/wp-content\/uploads\/2020\/12\/P1200063-300x225.jpg 300w, https:\/\/sentiernaturemontmelas.fr\/wp-content\/uploads\/2020\/12\/P1200063-768x576.jpg 768w, https:\/\/sentiernaturemontmelas.fr\/wp-content\/uploads\/2020\/12\/P1200063-1536x1152.jpg 1536w, https:\/\/sentiernaturemontmelas.fr\/wp-content\/uploads\/2020\/12\/P1200063.jpg 2048w\" sizes=\"(max-width: 706px) 89vw, (max-width: 767px) 82vw, 740px\" \/><figcaption>Voici une photo de l&rsquo;entr\u00e9e du chemin.<\/figcaption><\/figure>\n\n\n\n<figure class=\"wp-block-image size-large\"><img loading=\"lazy\" decoding=\"async\" width=\"640\" height=\"480\" src=\"http:\/\/sentiernaturemontmelas.fr\/wp-content\/uploads\/2020\/12\/P1200061.jpg\" alt=\"\" class=\"wp-image-946\" srcset=\"https:\/\/sentiernaturemontmelas.fr\/wp-content\/uploads\/2020\/12\/P1200061.jpg 640w, https:\/\/sentiernaturemontmelas.fr\/wp-content\/uploads\/2020\/12\/P1200061-300x225.jpg 300w\" sizes=\"(max-width: 640px) 100vw, 640px\" \/><\/figure>\n\n\n\n<p>Ce chemin n&rsquo; a pas \u00e9t\u00e9 fait par des animaux car on a remarqu\u00e9 des traces de s\u00e9cateurs. Puis, nous avons d\u00e9couvert que c&rsquo;est Roman qui l&rsquo;avait construit avec ses amis.<\/p>\n\n\n\n<ul><li>J&rsquo;ai bien aim\u00e9 le chemin parce qu&rsquo;on a d\u00e9couvert un passage et c&rsquo;\u00e9tait magnifique. Ana<\/li><\/ul>\n\n\n\n<p>-J&rsquo;ai bien aim\u00e9 \u00e0 la fin du petit chemin parce qu&rsquo;il y avait du givre sur du bois. Lola<\/p>\n\n\n\n<figure class=\"wp-block-image size-large\"><img loading=\"lazy\" decoding=\"async\" width=\"1024\" height=\"768\" src=\"http:\/\/sentiernaturemontmelas.fr\/wp-content\/uploads\/2020\/12\/P1200065-1024x768.jpg\" alt=\"\" class=\"wp-image-951\" srcset=\"https:\/\/sentiernaturemontmelas.fr\/wp-content\/uploads\/2020\/12\/P1200065-1024x768.jpg 1024w, https:\/\/sentiernaturemontmelas.fr\/wp-content\/uploads\/2020\/12\/P1200065-300x225.jpg 300w, https:\/\/sentiernaturemontmelas.fr\/wp-content\/uploads\/2020\/12\/P1200065-768x576.jpg 768w, https:\/\/sentiernaturemontmelas.fr\/wp-content\/uploads\/2020\/12\/P1200065-1536x1152.jpg 1536w, https:\/\/sentiernaturemontmelas.fr\/wp-content\/uploads\/2020\/12\/P1200065.jpg 2048w\" sizes=\"(max-width: 706px) 89vw, (max-width: 767px) 82vw, 740px\" \/><figcaption>Voila le givre sur les bois.<\/figcaption><\/figure>\n\n\n\n<p> <\/p>\n\n\n\n<figure class=\"wp-block-image size-large\"><img loading=\"lazy\" decoding=\"async\" width=\"1024\" height=\"768\" src=\"http:\/\/sentiernaturemontmelas.fr\/wp-content\/uploads\/2020\/12\/P1200064-1024x768.jpg\" alt=\"\" class=\"wp-image-950\" srcset=\"https:\/\/sentiernaturemontmelas.fr\/wp-content\/uploads\/2020\/12\/P1200064-1024x768.jpg 1024w, https:\/\/sentiernaturemontmelas.fr\/wp-content\/uploads\/2020\/12\/P1200064-300x225.jpg 300w, https:\/\/sentiernaturemontmelas.fr\/wp-content\/uploads\/2020\/12\/P1200064-768x576.jpg 768w, https:\/\/sentiernaturemontmelas.fr\/wp-content\/uploads\/2020\/12\/P1200064-1536x1152.jpg 1536w, https:\/\/sentiernaturemontmelas.fr\/wp-content\/uploads\/2020\/12\/P1200064.jpg 2048w\" sizes=\"(max-width: 706px) 89vw, (max-width: 767px) 82vw, 740px\" \/><figcaption>Voici la vue du passage secret sous la tour d&rsquo; observation. <\/figcaption><\/figure>\n\n\n\n<p>Nous allons faire des r\u00e9parations : un panneau sur les contes et un panneau sur les insectes sont tomb\u00e9s.<\/p>\n\n\n\n<p><strong>In\u00e8s et Sarah<\/strong><\/p>\n\n\n\n<p><\/p>\n\n\n\n<p><\/p>\n","protected":false},"excerpt":{"rendered":"<p>Mercredi 25 novembre, nous sommes all\u00e9s sur le sentier, les \u00e9l\u00e8ves ont suivi une feuille de g\u00e9ographie. Pendant ce temps, nous avons trouv\u00e9 une sorte de boule noire qui \u00e9tait enfonc\u00e9e dans la terre, nous l&rsquo;avons sortie du sol, on a fait des recherches et c&rsquo;est une crotte de chevreuil. Voici la photo : Voici &hellip; <\/p>\n<p class=\"link-more\"><a href=\"https:\/\/sentiernaturemontmelas.fr\/index.php\/2020\/12\/04\/le-chemin-mysterilleux\/\" class=\"more-link\">Continuer la lecture<span class=\"screen-reader-text\"> de &laquo;&nbsp;le chemin myst\u00e9rieux&nbsp;&raquo;<\/span><\/a><\/p>\n","protected":false},"author":3,"featured_media":0,"comment_status":"open","ping_status":"open","sticky":false,"template":"","format":"standard","meta":{"footnotes":""},"categories":[1],"tags":[],"_links":{"self":[{"href":"https:\/\/sentiernaturemontmelas.fr\/index.php\/wp-json\/wp\/v2\/posts\/918"}],"collection":[{"href":"https:\/\/sentiernaturemontmelas.fr\/index.php\/wp-json\/wp\/v2\/posts"}],"about":[{"href":"https:\/\/sentiernaturemontmelas.fr\/index.php\/wp-json\/wp\/v2\/types\/post"}],"author":[{"embeddable":true,"href":"https:\/\/sentiernaturemontmelas.fr\/index.php\/wp-json\/wp\/v2\/users\/3"}],"replies":[{"embeddable":true,"href":"https:\/\/sentiernaturemontmelas.fr\/index.php\/wp-json\/wp\/v2\/comments?post=918"}],"version-history":[{"count":22,"href":"https:\/\/sentiernaturemontmelas.fr\/index.php\/wp-json\/wp\/v2\/posts\/918\/revisions"}],"predecessor-version":[{"id":1036,"href":"https:\/\/sentiernaturemontmelas.fr\/index.php\/wp-json\/wp\/v2\/posts\/918\/revisions\/1036"}],"wp:attachment":[{"href":"https:\/\/sentiernaturemontmelas.fr\/index.php\/wp-json\/wp\/v2\/media?parent=918"}],"wp:term":[{"taxonomy":"category","embeddable":true,"href":"https:\/\/sentiernaturemontmelas.fr\/index.php\/wp-json\/wp\/v2\/categories?post=918"},{"taxonomy":"post_tag","embeddable":true,"href":"https:\/\/sentiernaturemontmelas.fr\/index.php\/wp-json\/wp\/v2\/tags?post=918"}],"curies":[{"name":"wp","href":"https:\/\/api.w.org\/{rel}","templated":true}]}}